{"id":138775,"date":"2015-05-20T12:52:19","date_gmt":"2015-05-20T10:52:19","guid":{"rendered":"http:\/\/www.fuldaer-nachrichten.de\/?p=138775"},"modified":"2015-05-20T12:52:19","modified_gmt":"2015-05-20T10:52:19","slug":"sektion-fulda-des-dav-feiert-sommerfest-mit-tag-der-offenen-tuer","status":"publish","type":"post","link":"https:\/\/www.fuldaernachrichten.de\/?p=138775","title":{"rendered":"Sektion Fulda des DAV feiert Sommerfest mit Tag der offenen T\u00fcr"},"content":{"rendered":"<p><a href=\"http:\/\/www.fuldaer-nachrichten.de\/wp-content\/uploads\/2015\/05\/Au\u00dfenboulderwand2.jpg\"><img fetchpriority=\"high\" decoding=\"async\" class=\"alignleft size-thumbnail wp-image-138778\" src=\"http:\/\/www.fuldaer-nachrichten.de\/wp-content\/uploads\/2015\/05\/Au\u00dfenboulderwand2-265x286.jpg\" alt=\"Au\u00dfenboulderwand2\" width=\"265\" height=\"286\" \/><\/a>Die Sektion Fulda des Deutschen Alpenvereins (DAV) feiert am Sonntag,\u00c2\u00a0\u00c2\u00a0\u00c2\u00a0\u00c2\u00a0 31. Mai, ihr Sommerfest mit einem Tag der offenen T\u00fcr im Kletterzentrum der Sektion in Petersberg. Gleichzeitig wird die neue Au\u00dfenboulderwand eingeweiht, die im Fr\u00fchjahr neu montiert wurde. Das Besondere: diese Boulderwand wurde zuvor vom DAV Hauptverband f\u00fcr offizielle Wettk\u00e4mpfe, z.B. Deutsche Meisterschaften, genutzt.<\/p>\n<p>Die Besucher erwartet auf dem Sommerfest der Sektion Fulda des Deutschen Alpenvereins ein buntes Programm, bei dem man die Aktivit\u00e4ten der Sektion sowie das sektionseigene Kletterzentrum n\u00e4her kennenlernen kann. \u201eIm Mittelpunkt steht dabei unsere neue Au\u00dfenboulderwand, die wir gleichzeitig einweihen wollen. Besonders stolz sind wir darauf, dass es sich dabei um die ehemalige Wettkampf-wand unseres Hauptverbandes in M\u00fcnchen handelt \u2013 d.h.: hier kann man an einer Wand klettern, an der zuvor schon echte Profis unterwegs waren\u201c, erkl\u00e4rt Michael Rutkowski, 1. Vorsitzender der Sektion Fulda. Bouldern \u2013 mit Matten gesichertes Klettern in einer H\u00f6he von bis zu vier Metern \u2013 liegt im Trend und auch die Sektion Fulda sp\u00fcrt gerade in diesem Bereich eine gro\u00dfe Nachfrage. P\u00fcnktlich zur Freiluftsaison konnte nun die bereits bestehende 160m\u00c2\u00b2 gro\u00dfe Boulderfl\u00e4che in der Kletterhalle durch den ca. 75m\u00c2\u00b2 gro\u00dfen Au\u00dfenbereich mit 36 Boulderrouten erweitertert werden.<\/p>\n<p>Beim Sommerfest im Kletterzentrum Fulda, das im Jahr 2012 er\u00f6ffnet wurde, k\u00f6nnen sich kleine und gro\u00dfe Besucher auf eine Entdeckungsreise rund um die Faszination Outdoorsport begeben: bei einer Rallye kann man beispielsweise die einzelnen Gruppen des Vereins und ihre Aktivit\u00e4ten kennen lernen, sich beim Probeklettern selbst in H\u00f6hen bis zu 14 Metern wagen oder in einem der angebotenen Workshops sein Wissen rund um den Sport in der Natur auf den neuesten Stand bringen.<\/p>\n<p>Folgende Programmpunkte erwarten die Besucher:<br \/>\n10-14 Uhr: Vereinsrallye rund um das Kletterzentrum \u2013 Entdecke den DAV, Probeklettern und Bouldern, Spiele f\u00fcr Kinder<\/p>\n<p>ab 14 Uhr: Gewinnerauslosung der Vereinsrallye mit attraktiven Preisen, Showklettern der Leistungsgruppe, Zaubereien mit Stephan von K\u00f6ller<\/p>\n<p>15 Uhr: Workshops zu den Themen: Sicherungsger\u00e4te-Update\u00e2\u20ac\u00a8, Mountainbike-Fahrtechniktraining\u00e2\u20ac\u00a8, Klettertechnik<\/p>\n<p>Fortlaufend pr\u00e4sentieren au\u00dferdem die beiden Ourdooranbieter \u201eauf und davon\u201c und \u201edoorout\u201c aktuelle Trends rund um den Bergsport. Und f\u00fcr das leibliche Wohl sorgen die DAV-Mitglieder mit Leckereien vom Grill und selbstgebackenem Kuchen.<\/p>\n<p>Hintergrund:<br \/>\nDie Sektion Fulda des Deutschen Alpenvereins wurde 1886 gegr\u00fcndet und z\u00e4hlt \u00fcber 4.000 Mitglieder. Damit ist der Verein der mitgliederst\u00e4rkste in der Region Fulda. Die Vereinsmitglieder sind in den Gruppen \u201eJugend\u201c, \u201eKlettern\u201c, \u201eAlpine Touren\u201c, \u201eWandern\u201c, \u201eMountainbike\u201c, \u201eSport\u201c und \u201eFamilie\u201c aktiv. Zum Jugendbereich geh\u00f6rt auch eine Leistungsgruppe, die regelm\u00e4\u00dfig erfolgreich an \u00fcberregionalen Wettk\u00e4mpfen teilnimmt.<\/p>\n<p>Dar\u00fcber hinaus besitzt die Sektion Fulda die Enzianh\u00fctte in der Rh\u00f6n und betreut den Fuldaer H\u00f6henweg im \u00f6sterreichischen Pitztal.<\/p>\n<p>Neben den sportlichen Aktivit\u00e4ten engagieren sich die Mitglieder auch f\u00fcr den Naturschutz und die Gesellschaft z.B. im Rahmen der j\u00e4hrlichen Osterputzaktion oder von Inklusions-aktionen.<br \/>\nDer Deutsche Alpenverein ist der gr\u00f6\u00dfte Bergsportverein der Welt und einer der\u00c2\u00a0gro\u00dfen Sport- und Naturschutzverb\u00e4nde in Deutschland. Insgesamt z\u00e4hlt er \u00fcber 1 Millionen Mitglieder in mehr als 350 bundesweiten Sektionen.<\/p>\n","protected":false},"excerpt":{"rendered":"<div class=\"tmnf_excerpt\"><p>Die Sektion Fulda des Deutschen Alpenvereins (DAV) feiert am Sonntag,\u00c2\u00a0\u00c2\u00a0\u00c2\u00a0\u00c2\u00a0 31. Mai, ihr Sommerfest mit einem Tag der offenen T\u00fcr im Kletterzentrum der Sektion in Petersberg. Gleichzeitig wird die neue Au\u00dfenboulderwand eingeweiht, die im Fr\u00fchjahr neu montiert wurde. Das Besondere: diese Boulderwand wurde zuvor vom DAV Hauptverband f\u00fcr offizielle Wettk\u00e4mpfe, z.B. Deutsche Meisterschaften, genutzt. Die &hellip;<\/p>\n<\/div>","protected":false},"author":1,"featured_media":138777,"comment_status":"closed","ping_status":"closed","sticky":false,"template":"","format":"standard","meta":{"footnotes":""},"categories":[1,46],"tags":[],"class_list":["post-138775","post","type-post","status-publish","format-standard","has-post-thumbnail","hentry","category-startseite","category-sport"],"_links":{"self":[{"href":"https:\/\/www.fuldaernachrichten.de\/index.php?rest_route=\/wp\/v2\/posts\/138775","targetHints":{"allow":["GET"]}}],"collection":[{"href":"https:\/\/www.fuldaernachrichten.de\/index.php?rest_route=\/wp\/v2\/posts"}],"about":[{"href":"https:\/\/www.fuldaernachrichten.de\/index.php?rest_route=\/wp\/v2\/types\/post"}],"author":[{"embeddable":true,"href":"https:\/\/www.fuldaernachrichten.de\/index.php?rest_route=\/wp\/v2\/users\/1"}],"replies":[{"embeddable":true,"href":"https:\/\/www.fuldaernachrichten.de\/index.php?rest_route=%2Fwp%2Fv2%2Fcomments&post=138775"}],"version-history":[{"count":1,"href":"https:\/\/www.fuldaernachrichten.de\/index.php?rest_route=\/wp\/v2\/posts\/138775\/revisions"}],"predecessor-version":[{"id":138779,"href":"https:\/\/www.fuldaernachrichten.de\/index.php?rest_route=\/wp\/v2\/posts\/138775\/revisions\/138779"}],"wp:featuredmedia":[{"embeddable":true,"href":"https:\/\/www.fuldaernachrichten.de\/index.php?rest_route=\/wp\/v2\/media\/138777"}],"wp:attachment":[{"href":"https:\/\/www.fuldaernachrichten.de\/index.php?rest_route=%2Fwp%2Fv2%2Fmedia&parent=138775"}],"wp:term":[{"taxonomy":"category","embeddable":true,"href":"https:\/\/www.fuldaernachrichten.de\/index.php?rest_route=%2Fwp%2Fv2%2Fcategories&post=138775"},{"taxonomy":"post_tag","embeddable":true,"href":"https:\/\/www.fuldaernachrichten.de\/index.php?rest_route=%2Fwp%2Fv2%2Ftags&post=138775"}],"curies":[{"name":"wp","href":"https:\/\/api.w.org\/{rel}","templated":true}]}}