{"id":138771,"date":"2015-05-19T23:33:38","date_gmt":"2015-05-19T21:33:38","guid":{"rendered":"http:\/\/www.fuldaer-nachrichten.de\/?p=138771"},"modified":"2015-05-19T23:33:38","modified_gmt":"2015-05-19T21:33:38","slug":"1-000-gesichter-einer-krankheit-multiple-sklerose-reisst-loecher-%e2%80%a8in-den-alltag","status":"publish","type":"post","link":"https:\/\/www.fuldaernachrichten.de\/?p=138771","title":{"rendered":"1.000 Gesichter einer Krankheit: Multiple Sklerose rei\u00dft L\u00f6cher \u00e2\u20ac\u00a8in den Alltag"},"content":{"rendered":"<p>Weltweit &#8211; auch im Klinikum Fulda -\u00c2\u00a0 lenkt der diesj\u00e4hrige MS-Tag am 27. Mai unter dem Motto &#8220;MS rei\u00dft L\u00f6cher in den Alltag\u201c Aufmerksamkeit auf eine h\u00e4ufige Erkrankung. Das Klinikum Fulda l\u00e4dt zum Auftakt am Vorabend &#8211; 26.05.2015 von 17.00 bis 18.30 Uhr -\u00c2\u00a0 in\u00c2\u00a0 H\u00f6rsaal des Klinikums ein: zwei Fachvortr\u00e4ge stehen auf dem Programm: Der Direktor der Klinik f\u00fcr Neurologie, Prof. Dr. Tobias Neumann-Haefelin und der leitende Oberarzt Dr. J\u00fcrgen Klotz sprechen \u00fcber Diagnostik, Behandlung und aktuelle Entwicklungen.<\/p>\n<p>Am 27.05.2015 veranstaltet der Landkreis mit dem Klinikum Fulda, den Selbsthilfegruppen Fulda sowie der DMSG (Deutsche Multiple Sklerose Gesellschaft, Bundesverband e. V.) im Foyer des Klinikums Fulda einen gemeinsamen Informations- und Aufkl\u00e4rungstag zu dem Thema Multiple Sklerose. Multiple Sklerose (MS) ist eine chronisch- entz\u00fcndliche Erkrankung, die das zentrale Nervensystem bef\u00e4llt und vor allem bei jungen Erwachsenen auftritt. Es handelt sich dabei um eine im Gehirn und R\u00fcckenmark verstreut auftretende Entz\u00fcndung. Der Verlauf der Krankheit ist von Fall zu Fall oft\u00c2\u00a0 sehr verschieden. &#8220;Schwarze L\u00f6cher im Gehirn&#8221;, die so genannten \u201eblack holes\u201c, entstehen vor allem dann, wenn Multiple Sklerose nicht behandelt wird. Wichtige F\u00e4higkeiten wie Laufen, Sehen, Greifen k\u00f6nnen verloren gehen. Deshalb sind \u2013 insbesondere f\u00fcr ein selbstbestimmtes Leben &#8211; eine medizinische Behandlung und Beratung wichtig.<\/p>\n<p>Darum geht es beim Welt-Multiple-Sklerose-Tag: Sie \u00fcber die Multiple Sklerose aufmerksam zu machen. Interessierte, Betroffene sowie deren Angeh\u00f6rige und Partner sind herzlich eingeladen, sowohl am 26.05.2016 die H\u00f6rsaalvortr\u00e4ge und am 27.05.2015 die Infoveranstaltung im Klinikum Fulda zu besuchen.<\/p>\n","protected":false},"excerpt":{"rendered":"<div class=\"tmnf_excerpt\"><p>Weltweit &#8211; auch im Klinikum Fulda -\u00c2\u00a0 lenkt der diesj\u00e4hrige MS-Tag am 27. Mai unter dem Motto &#8220;MS rei\u00dft L\u00f6cher in den Alltag\u201c Aufmerksamkeit auf eine h\u00e4ufige Erkrankung. Das Klinikum Fulda l\u00e4dt zum Auftakt am Vorabend &#8211; 26.05.2015 von 17.00 bis 18.30 Uhr -\u00c2\u00a0 in\u00c2\u00a0 H\u00f6rsaal des Klinikums ein: zwei Fachvortr\u00e4ge stehen auf dem Programm: &hellip;<\/p>\n<\/div>","protected":false},"author":1,"featured_media":138773,"comment_status":"closed","ping_status":"closed","sticky":false,"template":"","format":"standard","meta":{"footnotes":""},"categories":[51],"tags":[],"class_list":["post-138771","post","type-post","status-publish","format-standard","has-post-thumbnail","hentry","category-medizin"],"_links":{"self":[{"href":"https:\/\/www.fuldaernachrichten.de\/index.php?rest_route=\/wp\/v2\/posts\/138771","targetHints":{"allow":["GET"]}}],"collection":[{"href":"https:\/\/www.fuldaernachrichten.de\/index.php?rest_route=\/wp\/v2\/posts"}],"about":[{"href":"https:\/\/www.fuldaernachrichten.de\/index.php?rest_route=\/wp\/v2\/types\/post"}],"author":[{"embeddable":true,"href":"https:\/\/www.fuldaernachrichten.de\/index.php?rest_route=\/wp\/v2\/users\/1"}],"replies":[{"embeddable":true,"href":"https:\/\/www.fuldaernachrichten.de\/index.php?rest_route=%2Fwp%2Fv2%2Fcomments&post=138771"}],"version-history":[{"count":1,"href":"https:\/\/www.fuldaernachrichten.de\/index.php?rest_route=\/wp\/v2\/posts\/138771\/revisions"}],"predecessor-version":[{"id":138774,"href":"https:\/\/www.fuldaernachrichten.de\/index.php?rest_route=\/wp\/v2\/posts\/138771\/revisions\/138774"}],"wp:featuredmedia":[{"embeddable":true,"href":"https:\/\/www.fuldaernachrichten.de\/index.php?rest_route=\/wp\/v2\/media\/138773"}],"wp:attachment":[{"href":"https:\/\/www.fuldaernachrichten.de\/index.php?rest_route=%2Fwp%2Fv2%2Fmedia&parent=138771"}],"wp:term":[{"taxonomy":"category","embeddable":true,"href":"https:\/\/www.fuldaernachrichten.de\/index.php?rest_route=%2Fwp%2Fv2%2Fcategories&post=138771"},{"taxonomy":"post_tag","embeddable":true,"href":"https:\/\/www.fuldaernachrichten.de\/index.php?rest_route=%2Fwp%2Fv2%2Ftags&post=138771"}],"curies":[{"name":"wp","href":"https:\/\/api.w.org\/{rel}","templated":true}]}}