{"id":138754,"date":"2015-05-19T23:30:03","date_gmt":"2015-05-19T21:30:03","guid":{"rendered":"http:\/\/www.fuldaer-nachrichten.de\/?p=138754"},"modified":"2015-05-19T23:30:03","modified_gmt":"2015-05-19T21:30:03","slug":"26-cdu-familienfest-der-poppenhausener-christdemokraten","status":"publish","type":"post","link":"https:\/\/www.fuldaernachrichten.de\/?p=138754","title":{"rendered":"26. CDU-Familienfest der Poppenhausener Christdemokraten"},"content":{"rendered":"<p><a href=\"http:\/\/www.fuldaer-nachrichten.de\/wp-content\/uploads\/2015\/05\/CDU-Familienfest-2015-4.jpg\"><img decoding=\"async\" class=\"alignleft size-thumbnail wp-image-138759\" src=\"http:\/\/www.fuldaer-nachrichten.de\/wp-content\/uploads\/2015\/05\/CDU-Familienfest-2015-4-265x135.jpg\" alt=\"CDU-Familienfest-2015-4\" width=\"265\" height=\"135\" srcset=\"https:\/\/www.fuldaernachrichten.de\/wp-content\/uploads\/2015\/05\/CDU-Familienfest-2015-4-265x135.jpg 265w, https:\/\/www.fuldaernachrichten.de\/wp-content\/uploads\/2015\/05\/CDU-Familienfest-2015-4-600x307.jpg 600w, https:\/\/www.fuldaernachrichten.de\/wp-content\/uploads\/2015\/05\/CDU-Familienfest-2015-4.jpg 900w\" sizes=\"(max-width: 265px) 100vw, 265px\" \/><\/a>Zum inzwischen 26. Mal veranstaltete der CDU-Gemeindeverband Poppenhausen am Himmelsfahrtstag das traditionelle CDU-Familienfest. Mit einem Konzert des Musikvereins \u201eC\u00e4cilia Poppenhausen\u201c wurde das Veranstaltungsprogramm eingeleitet. Zur z\u00fcnftigen Blasmusik gab es zum Mittagessen leckere \u201eRh\u00f6ner-Charme\u201c-Gerichte von Manfred Laudenbach und seinem Team sowie Grillspezialit\u00e4ten der Jungen Union.<\/p>\n<p><a href=\"http:\/\/www.fuldaer-nachrichten.de\/wp-content\/uploads\/2015\/05\/CDU-Familienfest-2015-7.jpg\"><img decoding=\"async\" class=\"alignleft size-thumbnail wp-image-138760\" src=\"http:\/\/www.fuldaer-nachrichten.de\/wp-content\/uploads\/2015\/05\/CDU-Familienfest-2015-7-265x110.jpg\" alt=\"CDU-Familienfest-2015-7\" width=\"265\" height=\"110\" srcset=\"https:\/\/www.fuldaernachrichten.de\/wp-content\/uploads\/2015\/05\/CDU-Familienfest-2015-7-265x110.jpg 265w, https:\/\/www.fuldaernachrichten.de\/wp-content\/uploads\/2015\/05\/CDU-Familienfest-2015-7-600x249.jpg 600w, https:\/\/www.fuldaernachrichten.de\/wp-content\/uploads\/2015\/05\/CDU-Familienfest-2015-7.jpg 900w\" sizes=\"(max-width: 265px) 100vw, 265px\" \/><\/a>Die Vorsitzende Elisabeth Laudenbach begr\u00fc\u00dfte nach dem Fr\u00fchschoppen die Besucher\/innen und G\u00e4ste aus nah und fern sehr herzlich im Von-Steinr\u00fcck-Haus. Besonders freute sie sich \u00fcber den Besuch einiger Ehreng\u00e4ste aus der Gemeinde: Hans-J\u00f6rg Hauke (Ehrenvorsitzender des CDU-Gemeindeverbandes Poppenhausen), Richard Schwab (das \u00e4lteste anwesende Mitglied), August Heller (langj\u00e4hriger Vorsitzender der Gemeindevertretung), Altb\u00fcrgermeister Wolfgang Wehner, Helmuth Sapper (Vorsitzender der Gemeindevertretung), Werner Krenzer (langj\u00e4hriger 2. Beigeordneter), G\u00fcnter Rogalski (langj\u00e4hriger Kassierer) und B\u00fcrgermeister Manfred Helfrich.<br \/>\nIm Laufe des Nachmittags freuten sich die Veranstalter auch \u00fcber einige G\u00e4ste aus der Region. Denn auch der Wahlkreisabgeordnete der Christdemokraten, Markus Meysner mit Lebensgef\u00e4hrtin sowie Landrat Bernd Woide besuchten das Fest und sprachen anerkennende Gru\u00dfworte. Die Gesch\u00e4ftsstelle des CDU-Kreisverbandes war durch Frau Gabi Kerber mit Ehemann vertreten. Von den Nachbarverb\u00e4nden waren Abordnungen aus Petersberg, Dipperz und Hilders erschienen.<br \/>\nDas Kuchen-Buffet der CDU-Frauen bot eine breite Palette von leckeren Kuchenvariationen.<br \/>\nIn seinem Gru\u00dfwort freute sich B\u00fcrgermeister Manfred Helfrich, der stv. Vorsitzende des Ortsverbandes, \u00fcber die Anwesenheit vieler Familien, die er herzlich willkommen hie\u00df. Er hob die Anstrengungen der Gemeinde f\u00fcr eine optimale Kinderbetreuung hervor. Die Einrichtungen werden so gut angenommen, dass das Fachpersonal aufgestockt werden m\u00fcsse. Weiterhin informierte er kurz \u00fcber einige aktuelle Themen in der Gemeinde und zeigte sich mit der Entwicklung der Gemeinde recht zufrieden. In gemeinsamer partei\u00fcbergreifender Anstrengung werde Poppenhausen mit Unterst\u00fctzung der B\u00fcrgerschaft die Herausforderungen der Zukunft bew\u00e4ltigen k\u00f6nnen, so die zuversichtliche Meinung des B\u00fcrgermeisters.<\/p>\n<p><a href=\"http:\/\/www.fuldaer-nachrichten.de\/wp-content\/uploads\/2015\/05\/CDU-Familienfest-2015-0.jpg\"><img decoding=\"async\" class=\"alignleft size-thumbnail wp-image-138761\" src=\"http:\/\/www.fuldaer-nachrichten.de\/wp-content\/uploads\/2015\/05\/CDU-Familienfest-2015-0-265x150.jpg\" alt=\"CDU-Familienfest-2015-0\" width=\"265\" height=\"150\" srcset=\"https:\/\/www.fuldaernachrichten.de\/wp-content\/uploads\/2015\/05\/CDU-Familienfest-2015-0-265x150.jpg 265w, https:\/\/www.fuldaernachrichten.de\/wp-content\/uploads\/2015\/05\/CDU-Familienfest-2015-0-600x339.jpg 600w, https:\/\/www.fuldaernachrichten.de\/wp-content\/uploads\/2015\/05\/CDU-Familienfest-2015-0.jpg 900w\" sizes=\"(max-width: 265px) 100vw, 265px\" \/><\/a>Am Nachmittag unterhielten die Kindertanzgruppen der VHS unter Leitung von Christina Fleck und des TSV Poppenhausen unter der Leitung von Christine St\u00fc\u00df und Julia Trapp die G\u00e4ste im voll besetzten Von-Steinr\u00fcck-Haus.<\/p>\n<p>Einige Mitglieder wurden in einem kleinen Festakt f\u00fcr ihre langj\u00e4hrige und treue Mitgliedschaft bei den Poppenhausener Christdemokraten geehrt. \u201eDas ist f\u00fcr mich als Vorsitzende eine sch\u00f6ne Aufgabe, die ich sehr gerne vornehme\u201c, betonte Elisabeth Laudenbach.<\/p>\n<p>F\u00fcr 20 Jahre Mitgliedschaft wurden Edith M\u00fcller, Gottfried Wehner, Michael Sapper, Michael Gro\u00df und Frank Robbert und f\u00fcr 15 Jahre Mitgliedschaft Andreas Schubert geehrt. Sie erhielten eine Urkunde und ein kleines Geschenk.<\/p>\n<p>Bei zahlreichen Begegnungen und Gespr\u00e4chen, guter Unterhaltung endete am Abend das Familienfest unter Freunden in geselliger Runde.<\/p>\n","protected":false},"excerpt":{"rendered":"<div class=\"tmnf_excerpt\"><p>Zum inzwischen 26. Mal veranstaltete der CDU-Gemeindeverband Poppenhausen am Himmelsfahrtstag das traditionelle CDU-Familienfest. Mit einem Konzert des Musikvereins \u201eC\u00e4cilia Poppenhausen\u201c wurde das Veranstaltungsprogramm eingeleitet. Zur z\u00fcnftigen Blasmusik gab es zum Mittagessen leckere \u201eRh\u00f6ner-Charme\u201c-Gerichte von Manfred Laudenbach und seinem Team sowie Grillspezialit\u00e4ten der Jungen Union. Die Vorsitzende Elisabeth Laudenbach begr\u00fc\u00dfte nach dem Fr\u00fchschoppen die Besucher\/innen und &hellip;<\/p>\n<\/div>","protected":false},"author":1,"featured_media":138758,"comment_status":"closed","ping_status":"closed","sticky":false,"template":"","format":"standard","meta":{"footnotes":""},"categories":[1],"tags":[],"class_list":["post-138754","post","type-post","status-publish","format-standard","has-post-thumbnail","hentry","category-startseite"],"_links":{"self":[{"href":"https:\/\/www.fuldaernachrichten.de\/index.php?rest_route=\/wp\/v2\/posts\/138754","targetHints":{"allow":["GET"]}}],"collection":[{"href":"https:\/\/www.fuldaernachrichten.de\/index.php?rest_route=\/wp\/v2\/posts"}],"about":[{"href":"https:\/\/www.fuldaernachrichten.de\/index.php?rest_route=\/wp\/v2\/types\/post"}],"author":[{"embeddable":true,"href":"https:\/\/www.fuldaernachrichten.de\/index.php?rest_route=\/wp\/v2\/users\/1"}],"replies":[{"embeddable":true,"href":"https:\/\/www.fuldaernachrichten.de\/index.php?rest_route=%2Fwp%2Fv2%2Fcomments&post=138754"}],"version-history":[{"count":1,"href":"https:\/\/www.fuldaernachrichten.de\/index.php?rest_route=\/wp\/v2\/posts\/138754\/revisions"}],"predecessor-version":[{"id":138762,"href":"https:\/\/www.fuldaernachrichten.de\/index.php?rest_route=\/wp\/v2\/posts\/138754\/revisions\/138762"}],"wp:featuredmedia":[{"embeddable":true,"href":"https:\/\/www.fuldaernachrichten.de\/index.php?rest_route=\/wp\/v2\/media\/138758"}],"wp:attachment":[{"href":"https:\/\/www.fuldaernachrichten.de\/index.php?rest_route=%2Fwp%2Fv2%2Fmedia&parent=138754"}],"wp:term":[{"taxonomy":"category","embeddable":true,"href":"https:\/\/www.fuldaernachrichten.de\/index.php?rest_route=%2Fwp%2Fv2%2Fcategories&post=138754"},{"taxonomy":"post_tag","embeddable":true,"href":"https:\/\/www.fuldaernachrichten.de\/index.php?rest_route=%2Fwp%2Fv2%2Ftags&post=138754"}],"curies":[{"name":"wp","href":"https:\/\/api.w.org\/{rel}","templated":true}]}}