{"id":138750,"date":"2015-05-19T23:26:59","date_gmt":"2015-05-19T21:26:59","guid":{"rendered":"http:\/\/www.fuldaer-nachrichten.de\/?p=138750"},"modified":"2015-05-19T23:27:06","modified_gmt":"2015-05-19T21:27:06","slug":"caritas-altenpflegeheime-und-das-ressort-altenhilfe-wurden-erfolgreich-rezertifiziert","status":"publish","type":"post","link":"https:\/\/www.fuldaernachrichten.de\/?p=138750","title":{"rendered":"Caritas-Altenpflegeheime  und das Ressort Altenhilfe wurden erfolgreich rezertifiziert"},"content":{"rendered":"<p>Nach der Erstzertifizierung im Jahr 2012 erfolgte in der Caritas-Altenhilfe im Fr\u00fchjahr 2015 die erfolgreiche Rezertifizierung: Im Rahmen eines Arbeitsmeetings der Altenpflegeheim-Einrichtungsleiter konnten Di\u00f6zesan-Caritasdirektor Dr. Markus Juch, der Caritas-Aufsichtsratsvorsitzende Msgr. Elmar Gurk sowie der Altenhilfe-Ressortleiter Achim Eng die Zertifizierungsurkunden \u00fcberreichen. Das nun neu erteilte Zertifikat hat drei Jahre G\u00fcltigkeit, exemplarisch vor Ort \u00fcberpr\u00fcft wurden bei dieser Rezertifizierung die Qualit\u00e4tsstandards in den drei Einrichtungen Seniorenhaus St. Bonifatius in Kassel, Caritas Pflege- und Taubblindenheim in Hilders sowie Caritas-Altenpflegeheim St. Martin in Bad Orb. Auch das Ressort Altenhilfe in der Fuldaer Caritas-Zentrale wurde dem diesj\u00e4hrigen Audit unterzogen.<\/p>\n<p>In der zusammenfassenden Bewertung des T\u00dcV Hessen, der die Rezertifizierung vornahm, best\u00e4tigte dieser der Caritas Altenhilfe, durch die Aush\u00e4ndigung der Urkunden sei sichtbar dokumentiert, dass alle Caritas-Einrichtungen nach dem gleichen, wirksamen Qualit\u00e4tsmanagementsystem gem\u00e4\u00df DIN EN ISO 9001:2008 arbeiteten, welches zentral \u00fcber das Ressort Altenhilfe und insbesondere \u00fcber die Referentin f\u00fcr Qualit\u00e4tsentwicklung gesteuert werde. Der T\u00dcV lobte insbesondere das hohe Niveau der Kundenzufriedenheit, die sichtbar im Mittelpunkt aller T\u00e4tigkeiten der Caritas-Altenhilfe st\u00fcnde.<\/p>\n<p>Bei der Urkunden\u00fcbergabe strichen Caritasdirektor Juch und Msgr Gurk ebenfalls diese Zufriedenheit der betreuten Seniorinnen und Senioren und ihrer Angeh\u00f6rigen heraus, die viel zum guten Ruf der Caritas-Einrichtungen in der \u00d6ffentlichkeit beitr\u00fcgen. Gleichwohl sei die erfolgreiche Rezertifizierung auch der Beweis, dass diese Anerkennung durch konstante und nachhaltige Qualit\u00e4t erarbeitet werden konnte. Juch und Gurk gratulierten den Einrichtungsleitern sowie dem Team der Altenhilfe f\u00fcr diesen Erfolg, der so nur als Gemeinschaftsprojekt aller sieben Caritas-Pflegeheime und des Ressorts Altenhilfe m\u00f6glich gewesen sei.<\/p>\n","protected":false},"excerpt":{"rendered":"<div class=\"tmnf_excerpt\"><p>Nach der Erstzertifizierung im Jahr 2012 erfolgte in der Caritas-Altenhilfe im Fr\u00fchjahr 2015 die erfolgreiche Rezertifizierung: Im Rahmen eines Arbeitsmeetings der Altenpflegeheim-Einrichtungsleiter konnten Di\u00f6zesan-Caritasdirektor Dr. Markus Juch, der Caritas-Aufsichtsratsvorsitzende Msgr. Elmar Gurk sowie der Altenhilfe-Ressortleiter Achim Eng die Zertifizierungsurkunden \u00fcberreichen. Das nun neu erteilte Zertifikat hat drei Jahre G\u00fcltigkeit, exemplarisch vor Ort \u00fcberpr\u00fcft wurden bei &hellip;<\/p>\n<\/div>","protected":false},"author":1,"featured_media":138753,"comment_status":"closed","ping_status":"closed","sticky":false,"template":"","format":"standard","meta":{"footnotes":""},"categories":[1,50],"tags":[],"class_list":["post-138750","post","type-post","status-publish","format-standard","has-post-thumbnail","hentry","category-startseite","category-kirche"],"_links":{"self":[{"href":"https:\/\/www.fuldaernachrichten.de\/index.php?rest_route=\/wp\/v2\/posts\/138750","targetHints":{"allow":["GET"]}}],"collection":[{"href":"https:\/\/www.fuldaernachrichten.de\/index.php?rest_route=\/wp\/v2\/posts"}],"about":[{"href":"https:\/\/www.fuldaernachrichten.de\/index.php?rest_route=\/wp\/v2\/types\/post"}],"author":[{"embeddable":true,"href":"https:\/\/www.fuldaernachrichten.de\/index.php?rest_route=\/wp\/v2\/users\/1"}],"replies":[{"embeddable":true,"href":"https:\/\/www.fuldaernachrichten.de\/index.php?rest_route=%2Fwp%2Fv2%2Fcomments&post=138750"}],"version-history":[{"count":1,"href":"https:\/\/www.fuldaernachrichten.de\/index.php?rest_route=\/wp\/v2\/posts\/138750\/revisions"}],"predecessor-version":[{"id":138756,"href":"https:\/\/www.fuldaernachrichten.de\/index.php?rest_route=\/wp\/v2\/posts\/138750\/revisions\/138756"}],"wp:featuredmedia":[{"embeddable":true,"href":"https:\/\/www.fuldaernachrichten.de\/index.php?rest_route=\/wp\/v2\/media\/138753"}],"wp:attachment":[{"href":"https:\/\/www.fuldaernachrichten.de\/index.php?rest_route=%2Fwp%2Fv2%2Fmedia&parent=138750"}],"wp:term":[{"taxonomy":"category","embeddable":true,"href":"https:\/\/www.fuldaernachrichten.de\/index.php?rest_route=%2Fwp%2Fv2%2Fcategories&post=138750"},{"taxonomy":"post_tag","embeddable":true,"href":"https:\/\/www.fuldaernachrichten.de\/index.php?rest_route=%2Fwp%2Fv2%2Ftags&post=138750"}],"curies":[{"name":"wp","href":"https:\/\/api.w.org\/{rel}","templated":true}]}}