{"id":138731,"date":"2015-05-19T23:20:44","date_gmt":"2015-05-19T21:20:44","guid":{"rendered":"http:\/\/www.fuldaer-nachrichten.de\/?p=138731"},"modified":"2015-05-19T23:20:44","modified_gmt":"2015-05-19T21:20:44","slug":"klavierduos-franzoesischer-und-deutscher-meister","status":"publish","type":"post","link":"https:\/\/www.fuldaernachrichten.de\/?p=138731","title":{"rendered":"Klavierduos franz\u00f6sischer und deutscher Meister"},"content":{"rendered":"<p>Am 30.Mai 2015, 20.00 Uhr, geben die Pianisten Martin Schmalz und Jan Pol\u00c3\u00advka in der Aula der Alten Universit\u00e4t ein Klavierkonzert. Zur Auff\u00fchrung kommen Klavierduos franz\u00f6sischer und deutscher Meister.<\/p>\n<p>Vierh\u00e4ndiges Klavierspiel \u2013\u00c2\u00a0\u00c2\u00a0 einst eine beliebte Freizeitbesch\u00e4ftigung in b\u00fcrgerlichen Salons, heute eine hochentwickelte Form des Ensemblespiels mit einem eigenst\u00e4ndigen Repertoire. Diese Kunst in all ihren Facetten und ihrer Vielseitigkeit m\u00f6chten Ihnen die beiden Pianisten Jan Polivka und Martin Schmalz nahebringen. Auf dem Programm stehen Klassiker von Mozart und Brahms ebenso wie farbige franz\u00f6sische Kompositionen des Impressionismus, die von M\u00e4rchen und orientalischen Sujets inspiriert wurden. Auch eine der ber\u00fchmten Arl\u00e9sienne-Suiten von Bizet wird zu Geh\u00f6r kommen!<br \/>\nBeide Musiker sind langj\u00e4hrige Dozenten der Frankfurter Musikhochschule und als Konzertpianisten und Kammermusikpartner im In- und Ausland aktiv. Dar\u00fcber hinaus sind beide eng mit der Region Fulda verbunden \u2013\u00c2\u00a0\u00c2\u00a0 Jan Polivka lebt seit geraumer Zeit in Poppenhausen, Martin Schmalz ist geb\u00fcrtiger Eichenzeller.<br \/>\nWir w\u00fcnschen Ihnen viel Freude beim Entdecken dieser vierh\u00e4ndigen Meisterwerke!<\/p>\n<p>Karten sind im Vorverkauf (10,00 \u00e2\u201a\u00ac, erm. 8,00 \u00e2\u201a\u00ac) an der Gesch\u00e4ftsstelle der Fuldaer Zeitung und an der Abendkasse (12,00\u00e2\u201a\u00ac, erm. 10,00\u00e2\u201a\u00ac) erh\u00e4ltlich.<\/p>\n<p>Das Konzert wird von der Stadt Fulda, in Zusammenarbeit mit dem Kultursommer Main.Kinzig.Fulda angeboten.<\/p>\n","protected":false},"excerpt":{"rendered":"<div class=\"tmnf_excerpt\"><p>Am 30.Mai 2015, 20.00 Uhr, geben die Pianisten Martin Schmalz und Jan Pol\u00c3\u00advka in der Aula der Alten Universit\u00e4t ein Klavierkonzert. Zur Auff\u00fchrung kommen Klavierduos franz\u00f6sischer und deutscher Meister. Vierh\u00e4ndiges Klavierspiel \u2013\u00c2\u00a0\u00c2\u00a0 einst eine beliebte Freizeitbesch\u00e4ftigung in b\u00fcrgerlichen Salons, heute eine hochentwickelte Form des Ensemblespiels mit einem eigenst\u00e4ndigen Repertoire. Diese Kunst in all ihren Facetten &hellip;<\/p>\n<\/div>","protected":false},"author":1,"featured_media":138735,"comment_status":"closed","ping_status":"closed","sticky":false,"template":"","format":"standard","meta":{"footnotes":""},"categories":[1,44],"tags":[],"class_list":["post-138731","post","type-post","status-publish","format-standard","has-post-thumbnail","hentry","category-startseite","category-kultur"],"_links":{"self":[{"href":"https:\/\/www.fuldaernachrichten.de\/index.php?rest_route=\/wp\/v2\/posts\/138731","targetHints":{"allow":["GET"]}}],"collection":[{"href":"https:\/\/www.fuldaernachrichten.de\/index.php?rest_route=\/wp\/v2\/posts"}],"about":[{"href":"https:\/\/www.fuldaernachrichten.de\/index.php?rest_route=\/wp\/v2\/types\/post"}],"author":[{"embeddable":true,"href":"https:\/\/www.fuldaernachrichten.de\/index.php?rest_route=\/wp\/v2\/users\/1"}],"replies":[{"embeddable":true,"href":"https:\/\/www.fuldaernachrichten.de\/index.php?rest_route=%2Fwp%2Fv2%2Fcomments&post=138731"}],"version-history":[{"count":1,"href":"https:\/\/www.fuldaernachrichten.de\/index.php?rest_route=\/wp\/v2\/posts\/138731\/revisions"}],"predecessor-version":[{"id":138736,"href":"https:\/\/www.fuldaernachrichten.de\/index.php?rest_route=\/wp\/v2\/posts\/138731\/revisions\/138736"}],"wp:featuredmedia":[{"embeddable":true,"href":"https:\/\/www.fuldaernachrichten.de\/index.php?rest_route=\/wp\/v2\/media\/138735"}],"wp:attachment":[{"href":"https:\/\/www.fuldaernachrichten.de\/index.php?rest_route=%2Fwp%2Fv2%2Fmedia&parent=138731"}],"wp:term":[{"taxonomy":"category","embeddable":true,"href":"https:\/\/www.fuldaernachrichten.de\/index.php?rest_route=%2Fwp%2Fv2%2Fcategories&post=138731"},{"taxonomy":"post_tag","embeddable":true,"href":"https:\/\/www.fuldaernachrichten.de\/index.php?rest_route=%2Fwp%2Fv2%2Ftags&post=138731"}],"curies":[{"name":"wp","href":"https:\/\/api.w.org\/{rel}","templated":true}]}}