{"id":138730,"date":"2015-05-19T23:19:46","date_gmt":"2015-05-19T21:19:46","guid":{"rendered":"http:\/\/www.fuldaer-nachrichten.de\/?p=138730"},"modified":"2015-05-19T23:19:46","modified_gmt":"2015-05-19T21:19:46","slug":"der-alten-esel-hebt-ab-%e2%80%a8bunter-ballonwettbewerb-am-praemienmarkt-mittwoch","status":"publish","type":"post","link":"https:\/\/www.fuldaernachrichten.de\/?p=138730","title":{"rendered":"Der \u201eAlten Esel\u201c hebt ab: \u00e2\u20ac\u00a8Bunter Ballonwettbewerb am Pr\u00e4mienmarkt-Mittwoch"},"content":{"rendered":"<p>Die Stadtb\u00fccherei Lauterbach, die Volkshochschule des Vogelsbergkreises und die gemeinn\u00fctzige musikkulturschule setzen am diesj\u00e4hrigen Pr\u00e4mienmarkt bunte und luftige Akzente: Ein Ballonwettbewerb wird am Mittwoch, den 3. Juni um 16:00 Uhr am Parkplatz vor dem \u201eAlten Esel\u201c starten.<\/p>\n<p>Die drei Institutionen, die f\u00fcr \u201eBildung und Kultur im Alten Esel\u201c stehen, m\u00f6chten mit diesem Wettbewerb alle Pr\u00e4mienmarkt-Besucher einladen, den Himmel \u00fcber Lauterbach am Haupttag des Volksfestes mit farbigen Ballons zu f\u00fcllen. Die Teilnahme ist kostenfrei und ganz einfach:<br \/>\nBallonwettbewerb-Postkarten werden ab Dienstag, den 26. Mai an diversen Stellen (Institutionen und Gesch\u00e4fte) in Lauterbach und Umgebung ausliegen. Mit der ausgef\u00fcllten Karte kommt man am Mittwoch um 15:30 Uhr zum \u201eAlten Esel\u201c in die Obergasse 44 und erh\u00e4lt dort einen gasgef\u00fcllten Ballon, an den die Karte festgebunden wird. Gemeinsamer Start aller Ballons wird dann gegen 16:00 Uhr sein und Stadtb\u00fccherei, VHS und musikkulturschule hoffen auf rege Teilnahme; Ballons in ausreichender Anzahl sind vorhanden.<\/p>\n<p>Spannend wird es dann, wenn Ballons gefunden werden \u2013 wie weit sind sie geflogen und wer sendet die gefundene Postkarte zur\u00fcck? Findern und Gefundenen winken in jedem Fall sch\u00f6ne Preise!<\/p>\n","protected":false},"excerpt":{"rendered":"<div class=\"tmnf_excerpt\"><p>Die Stadtb\u00fccherei Lauterbach, die Volkshochschule des Vogelsbergkreises und die gemeinn\u00fctzige musikkulturschule setzen am diesj\u00e4hrigen Pr\u00e4mienmarkt bunte und luftige Akzente: Ein Ballonwettbewerb wird am Mittwoch, den 3. Juni um 16:00 Uhr am Parkplatz vor dem \u201eAlten Esel\u201c starten. Die drei Institutionen, die f\u00fcr \u201eBildung und Kultur im Alten Esel\u201c stehen, m\u00f6chten mit diesem Wettbewerb alle Pr\u00e4mienmarkt-Besucher &hellip;<\/p>\n<\/div>","protected":false},"author":1,"featured_media":0,"comment_status":"closed","ping_status":"closed","sticky":false,"template":"","format":"standard","meta":{"footnotes":""},"categories":[1],"tags":[],"class_list":["post-138730","post","type-post","status-publish","format-standard","hentry","category-startseite"],"_links":{"self":[{"href":"https:\/\/www.fuldaernachrichten.de\/index.php?rest_route=\/wp\/v2\/posts\/138730","targetHints":{"allow":["GET"]}}],"collection":[{"href":"https:\/\/www.fuldaernachrichten.de\/index.php?rest_route=\/wp\/v2\/posts"}],"about":[{"href":"https:\/\/www.fuldaernachrichten.de\/index.php?rest_route=\/wp\/v2\/types\/post"}],"author":[{"embeddable":true,"href":"https:\/\/www.fuldaernachrichten.de\/index.php?rest_route=\/wp\/v2\/users\/1"}],"replies":[{"embeddable":true,"href":"https:\/\/www.fuldaernachrichten.de\/index.php?rest_route=%2Fwp%2Fv2%2Fcomments&post=138730"}],"version-history":[{"count":1,"href":"https:\/\/www.fuldaernachrichten.de\/index.php?rest_route=\/wp\/v2\/posts\/138730\/revisions"}],"predecessor-version":[{"id":138732,"href":"https:\/\/www.fuldaernachrichten.de\/index.php?rest_route=\/wp\/v2\/posts\/138730\/revisions\/138732"}],"wp:attachment":[{"href":"https:\/\/www.fuldaernachrichten.de\/index.php?rest_route=%2Fwp%2Fv2%2Fmedia&parent=138730"}],"wp:term":[{"taxonomy":"category","embeddable":true,"href":"https:\/\/www.fuldaernachrichten.de\/index.php?rest_route=%2Fwp%2Fv2%2Fcategories&post=138730"},{"taxonomy":"post_tag","embeddable":true,"href":"https:\/\/www.fuldaernachrichten.de\/index.php?rest_route=%2Fwp%2Fv2%2Ftags&post=138730"}],"curies":[{"name":"wp","href":"https:\/\/api.w.org\/{rel}","templated":true}]}}