{"id":138727,"date":"2015-05-19T23:18:59","date_gmt":"2015-05-19T21:18:59","guid":{"rendered":"http:\/\/www.fuldaer-nachrichten.de\/?p=138727"},"modified":"2015-05-19T23:18:59","modified_gmt":"2015-05-19T21:18:59","slug":"3-lohelaender-kunst-und-handwerkermarkt","status":"publish","type":"post","link":"https:\/\/www.fuldaernachrichten.de\/?p=138727","title":{"rendered":"3. Lohel\u00e4nder Kunst- und Handwerkermarkt"},"content":{"rendered":"<p>Am Sonntag, 31.05.2015, findet von 10 bis 18 Uhr der 3. Lohel\u00e4nder Kunst- und Handwerkermarkt auf dem Gel\u00e4nde der Loheland-Stiftung (K\u00fcnzell) statt.<\/p>\n<p>Zahlreiche Aussteller pr\u00e4sentieren ihr handwerkliches K\u00f6nnen und bieten dem Besucher ein vielf\u00e4ltiges Warenangebot. F\u00fcr das leibliche Wohl sorgen verschiedene Verpflegungsst\u00e4nde sowie das Gartencaf\u00e9 Loheland. Das Loheland-Archiv organisiert F\u00fchrungen durch die anthroposophische Siedlung. Der Eintritt von 1 EUR f\u00fcr Besucher ab 16 Jahren kommt der Anschaffung von Musikinstrumenten f\u00fcr das Schulorchester zugute, das Ausz\u00fcge aus seinem aktuellen Programm auff\u00fchrt. F\u00fcr Kinder gibt es altersgerechte Angebote.<\/p>\n<p>Am Markttag wird das Gel\u00e4nde f\u00fcr Kraftfahrzeuge geschlossen. Ein kostenloser Shuttle-Service verkehrt im 15-Minuten-Takt zwischen den Parkpl\u00e4tzen am Einkaufszentrum Pilgerzell (Aldi, Raiffeisen, Lidl, REWE) &#8211; mit Zwischenhalt in Dirlos &#8211; nach Loheland und zur\u00fcck.<br \/>\nGemeinsam mit den Ausstellern freuen sich die Veranstalter auf einen rundum gelungenen Markttag f\u00fcr Gro\u00df und Klein.<\/p>\n","protected":false},"excerpt":{"rendered":"<div class=\"tmnf_excerpt\"><p>Am Sonntag, 31.05.2015, findet von 10 bis 18 Uhr der 3. Lohel\u00e4nder Kunst- und Handwerkermarkt auf dem Gel\u00e4nde der Loheland-Stiftung (K\u00fcnzell) statt. Zahlreiche Aussteller pr\u00e4sentieren ihr handwerkliches K\u00f6nnen und bieten dem Besucher ein vielf\u00e4ltiges Warenangebot. F\u00fcr das leibliche Wohl sorgen verschiedene Verpflegungsst\u00e4nde sowie das Gartencaf\u00e9 Loheland. Das Loheland-Archiv organisiert F\u00fchrungen durch die anthroposophische Siedlung. Der &hellip;<\/p>\n<\/div>","protected":false},"author":1,"featured_media":0,"comment_status":"closed","ping_status":"closed","sticky":false,"template":"","format":"standard","meta":{"footnotes":""},"categories":[1],"tags":[],"class_list":["post-138727","post","type-post","status-publish","format-standard","hentry","category-startseite"],"_links":{"self":[{"href":"https:\/\/www.fuldaernachrichten.de\/index.php?rest_route=\/wp\/v2\/posts\/138727","targetHints":{"allow":["GET"]}}],"collection":[{"href":"https:\/\/www.fuldaernachrichten.de\/index.php?rest_route=\/wp\/v2\/posts"}],"about":[{"href":"https:\/\/www.fuldaernachrichten.de\/index.php?rest_route=\/wp\/v2\/types\/post"}],"author":[{"embeddable":true,"href":"https:\/\/www.fuldaernachrichten.de\/index.php?rest_route=\/wp\/v2\/users\/1"}],"replies":[{"embeddable":true,"href":"https:\/\/www.fuldaernachrichten.de\/index.php?rest_route=%2Fwp%2Fv2%2Fcomments&post=138727"}],"version-history":[{"count":1,"href":"https:\/\/www.fuldaernachrichten.de\/index.php?rest_route=\/wp\/v2\/posts\/138727\/revisions"}],"predecessor-version":[{"id":138728,"href":"https:\/\/www.fuldaernachrichten.de\/index.php?rest_route=\/wp\/v2\/posts\/138727\/revisions\/138728"}],"wp:attachment":[{"href":"https:\/\/www.fuldaernachrichten.de\/index.php?rest_route=%2Fwp%2Fv2%2Fmedia&parent=138727"}],"wp:term":[{"taxonomy":"category","embeddable":true,"href":"https:\/\/www.fuldaernachrichten.de\/index.php?rest_route=%2Fwp%2Fv2%2Fcategories&post=138727"},{"taxonomy":"post_tag","embeddable":true,"href":"https:\/\/www.fuldaernachrichten.de\/index.php?rest_route=%2Fwp%2Fv2%2Ftags&post=138727"}],"curies":[{"name":"wp","href":"https:\/\/api.w.org\/{rel}","templated":true}]}}