{"id":138717,"date":"2015-05-19T23:16:15","date_gmt":"2015-05-19T21:16:15","guid":{"rendered":"http:\/\/www.fuldaer-nachrichten.de\/?p=138717"},"modified":"2015-05-19T23:16:15","modified_gmt":"2015-05-19T21:16:15","slug":"15-sommerfest-der-blasmusik-in-kleinlueder","status":"publish","type":"post","link":"https:\/\/www.fuldaernachrichten.de\/?p=138717","title":{"rendered":"15. Sommerfest der Blasmusik in Kleinl\u00fcder"},"content":{"rendered":"<p>Am Freitag, 22.05.2015 und Pfingstsonntag, 24.05.2015 findet das \u201e15. Sommerfest der Blasmusik\u201c am und im B\u00fcrgerhaus in Kleinl\u00fcder statt.<\/p>\n<p>1. Young Brass &amp; More am Freitag, 22.05.2015<\/p>\n<p>Im Rahmen des diesj\u00e4hrigen Sommerfests der Blasmusik pr\u00e4sentiert die Musikkapelle Kleinl\u00fcder am Freitag, 22.05.2015 unter dem Motto &#8220;Young Brass &amp; More&#8221; ab 20.00 Uhr ein anspruchsvolles, spektakul\u00e4res und abwechslungsreiches Programm f\u00fcr junge und jungebliebene Musikfans. Er\u00f6ffnet wird der Abend von &#8220;The Cocks &#8211; Blasmusik, die rockt!&#8221; eine Formation des Orchesters der Freiwilligen Feuerwehr Dirlos. Im Anschluss daran spielt &#8220;BecherKlang&#8221; auf. Unter dem Motto &#8220;Blasmusik &#8211; frisch interpretiert&#8221; werden die 11 Musikerinnen und Musiker fetzige Blasmusik zum Besten geben. Den Abschluss des Abends bildet die Band &#8220;JukeBox&#8221; &#8211; Sieger des Newcomerfestivals der Stadt Fulda 2014! Ab 19.00 Uhr ist das B\u00fcrgerhaus Kleinl\u00fcder ge\u00f6ffnet, ab ca. 20.00 wird BLASMUSIK &amp; MEHR gerockt! Die Musikkapelle Kleinl\u00fcder freut sich auf zahlreiche Besucher aus Kleinl\u00fcder, den umliegenden Gemeinden sowie aus der Region.<\/p>\n<p>15. Sommerfest der Blasmusik<\/p>\n<p>Am Pfingstsonntag, 24.05.2015 findet das &#8220;15. Sommerfest der Blasmusik&#8221; am und im B\u00fcrgerhaus in Kleinl\u00fcder statt. Das Fest beginnt um 10.30 Uhr mit einem Festgottesdienst in der Pfarrkirche St. Johannes der T\u00e4ufer f\u00fcr die lebenden und verstorbenen Musiker aus Kleinl\u00fcder. Der feierliche Gottesdienst wird von der Musikkapelle mitgestaltet. Nach der Kirche marschiert die Kapelle zum B\u00fcrgerhaus.<\/p>\n<p>Ab 11.30 Uhr spielt der Musikverein aus Rothemann zum Fr\u00fchschoppen auf. Ab 14.00 Uhr folgen die Musikerinnen und Musiker des MV Margretenhaun e.V.. Gegen 16.30 gibt der Musikverein 1894 Fulda-Horas ein Gastkonzert. Zum Mittagessen stehen zwei Men\u00fcs zur Auswahl, ab 14.00 Uhr Kaffee und Kuchen. Selbstverst\u00e4ndlich gibt es Grillspezialit\u00e4ten w\u00e4hrend der ganzen Veranstaltung. Auf keinen Fall verpassen sollten die Besucher des Sommerfestes das Musikquiz. Es warten attraktive Preise auf die Besucher. Ein interessantes Rahmenprogramm wird ebenso angeboten. Neben Aktivit\u00e4ten f\u00fcr unsere J\u00fcngsten l\u00e4dt die Kutschenstation L\u00fcdertal zu Fahrten rund um Kleinl\u00fcder ein.<br \/>\nVorstand und die Mitglieder der Musikkapelle Kleinl\u00fcder w\u00fcrden sich \u00fcber einen regen Besuch freuen.<\/p>\n","protected":false},"excerpt":{"rendered":"<div class=\"tmnf_excerpt\"><p>Am Freitag, 22.05.2015 und Pfingstsonntag, 24.05.2015 findet das \u201e15. Sommerfest der Blasmusik\u201c am und im B\u00fcrgerhaus in Kleinl\u00fcder statt. 1. Young Brass &amp; More am Freitag, 22.05.2015 Im Rahmen des diesj\u00e4hrigen Sommerfests der Blasmusik pr\u00e4sentiert die Musikkapelle Kleinl\u00fcder am Freitag, 22.05.2015 unter dem Motto &#8220;Young Brass &amp; More&#8221; ab 20.00 Uhr ein anspruchsvolles, spektakul\u00e4res und &hellip;<\/p>\n<\/div>","protected":false},"author":1,"featured_media":0,"comment_status":"closed","ping_status":"closed","sticky":false,"template":"","format":"standard","meta":{"footnotes":""},"categories":[1],"tags":[],"class_list":["post-138717","post","type-post","status-publish","format-standard","hentry","category-startseite"],"_links":{"self":[{"href":"https:\/\/www.fuldaernachrichten.de\/index.php?rest_route=\/wp\/v2\/posts\/138717","targetHints":{"allow":["GET"]}}],"collection":[{"href":"https:\/\/www.fuldaernachrichten.de\/index.php?rest_route=\/wp\/v2\/posts"}],"about":[{"href":"https:\/\/www.fuldaernachrichten.de\/index.php?rest_route=\/wp\/v2\/types\/post"}],"author":[{"embeddable":true,"href":"https:\/\/www.fuldaernachrichten.de\/index.php?rest_route=\/wp\/v2\/users\/1"}],"replies":[{"embeddable":true,"href":"https:\/\/www.fuldaernachrichten.de\/index.php?rest_route=%2Fwp%2Fv2%2Fcomments&post=138717"}],"version-history":[{"count":1,"href":"https:\/\/www.fuldaernachrichten.de\/index.php?rest_route=\/wp\/v2\/posts\/138717\/revisions"}],"predecessor-version":[{"id":138718,"href":"https:\/\/www.fuldaernachrichten.de\/index.php?rest_route=\/wp\/v2\/posts\/138717\/revisions\/138718"}],"wp:attachment":[{"href":"https:\/\/www.fuldaernachrichten.de\/index.php?rest_route=%2Fwp%2Fv2%2Fmedia&parent=138717"}],"wp:term":[{"taxonomy":"category","embeddable":true,"href":"https:\/\/www.fuldaernachrichten.de\/index.php?rest_route=%2Fwp%2Fv2%2Fcategories&post=138717"},{"taxonomy":"post_tag","embeddable":true,"href":"https:\/\/www.fuldaernachrichten.de\/index.php?rest_route=%2Fwp%2Fv2%2Ftags&post=138717"}],"curies":[{"name":"wp","href":"https:\/\/api.w.org\/{rel}","templated":true}]}}