{"id":138713,"date":"2015-05-19T23:17:40","date_gmt":"2015-05-19T21:17:40","guid":{"rendered":"http:\/\/www.fuldaer-nachrichten.de\/?p=138713"},"modified":"2015-05-19T23:17:40","modified_gmt":"2015-05-19T21:17:40","slug":"ueberraschende-funde-im-verwunschenen-idyll","status":"publish","type":"post","link":"https:\/\/www.fuldaernachrichten.de\/?p=138713","title":{"rendered":"\u00dcberraschende Funde im verwunschenen Idyll"},"content":{"rendered":"<p><a href=\"http:\/\/www.fuldaer-nachrichten.de\/wp-content\/uploads\/2015\/05\/DSC_0637.jpg\"><img decoding=\"async\" class=\"alignleft size-thumbnail wp-image-138721\" src=\"http:\/\/www.fuldaer-nachrichten.de\/wp-content\/uploads\/2015\/05\/DSC_0637-265x177.jpg\" alt=\"DSC_0637\" width=\"265\" height=\"177\" srcset=\"https:\/\/www.fuldaernachrichten.de\/wp-content\/uploads\/2015\/05\/DSC_0637-265x177.jpg 265w, https:\/\/www.fuldaernachrichten.de\/wp-content\/uploads\/2015\/05\/DSC_0637-600x401.jpg 600w, https:\/\/www.fuldaernachrichten.de\/wp-content\/uploads\/2015\/05\/DSC_0637.jpg 900w\" sizes=\"(max-width: 265px) 100vw, 265px\" \/><\/a>Radlader rollen \u00fcber das Gel\u00e4nde. Kleinbagger \u201ebuddeln\u201c. \u00dcberall auf dem gro\u00dfen, lichtdurchfluteten Areal entstehen neue Pflanzgruben f\u00fcr B\u00fcsche und B\u00e4ume. \u201eDie anstehenden Arbeiten zur Neugestaltung des alten Friedhofs in der Goethestra\u00dfe gehen z\u00fcgig voran. Wir liegen gut im Zeitplan\u201c, lautet die erfreuliche Zwischenbilanz von Fuldas OB und Kulturdezernent Gerhard M\u00f6ller nach einer ersten Begehung der Baustelle.<\/p>\n<p>R\u00e4umdienst in Aktion<\/p>\n<p><a href=\"http:\/\/www.fuldaer-nachrichten.de\/wp-content\/uploads\/2015\/05\/DSC_0651.jpg\"><img fetchpriority=\"high\" decoding=\"async\" class=\"alignleft size-thumbnail wp-image-138722\" src=\"http:\/\/www.fuldaer-nachrichten.de\/wp-content\/uploads\/2015\/05\/DSC_0651-265x396.jpg\" alt=\"DSC_0651\" width=\"265\" height=\"396\" srcset=\"https:\/\/www.fuldaernachrichten.de\/wp-content\/uploads\/2015\/05\/DSC_0651-265x396.jpg 265w, https:\/\/www.fuldaernachrichten.de\/wp-content\/uploads\/2015\/05\/DSC_0651-177x265.jpg 177w, https:\/\/www.fuldaernachrichten.de\/wp-content\/uploads\/2015\/05\/DSC_0651-401x600.jpg 401w, https:\/\/www.fuldaernachrichten.de\/wp-content\/uploads\/2015\/05\/DSC_0651.jpg 900w\" sizes=\"(max-width: 265px) 100vw, 265px\" \/><\/a>Die Pflanzarbeiten sind zum gr\u00f6\u00dften Teil bereits ausgef\u00fchrt. Aktuell soll der Wegebau beginnen.\u00c2\u00a0 Baubegleitend ist der Kampfmittelr\u00e4umdienst im Einsatz. Denn \u201e\u00fcberall dort, wo Eingriffe in das Erdreich geplant sind, muss sicherheitshalber vorher der Boden von Experten einer Fachfirma sondiert werden\u201c, erl\u00e4utert M\u00f6ller die Vorgehensweise. \u201eSchlie\u00dflich wollen wir ja keine b\u00f6sen \u00dcberraschungen erleben.\u201c Apropos \u00dcberraschungen: F\u00fcr die ist der so genannte \u201ealte<br \/>\nst\u00e4dtische Friedhof\u201c allemal gut. Beim Ausbaggern einer Pflanzgrube sind die Landschaftsg\u00e4rtner an der Westseite der Friedhofsmauer interessanterweise auf ein massives Hindernis gesto\u00dfen. Zuerst tauchte ein Grabstein auf, dann ein vier mal f\u00fcnf Meter gro\u00dfes mit Kriegsschutt und Nachkriegsm\u00fcll verf\u00fclltes gleichm\u00e4\u00dfig gemauertes Geviert. Wozu das aus Grabsteinen und \u2013sockeln gebaute \u201eflache Becken\u201c einmal gedient hat, ist unklar. Fest steht indes: Die Anlage ist nach Einsch\u00e4tzung des Fuldaer Stadt- und Kreisarch\u00e4ologen Dr. Frank Verse nicht \u00e4lter als 90 Jahre.<\/p>\n<p>Luftiger und freundlicher<\/p>\n<p>Inzwischen ist von diesem Zufallsfund nichts mehr zu sehen. Doch dank des leider notwendigen F\u00e4llens kranker oder schwer gesch\u00e4digter B\u00e4ume pr\u00e4sentiert sich der zum Park gewordene Friedhof inzwischen viel heller, luftiger und freundlicher. Neue Sichtperspektiven er\u00f6ffnen sich: Nicht zuletzt auf die vielen, gut erhaltenen historischen Grabsteine, die besser zur Geltung\u00c2\u00a0 kommen. Erfreulicher Begleiteffekt: Die Sanierungsarbeiten haben bei den Fuldaern nicht nur Interesse geweckt. Sondern auch B\u00fcrgerengagement ausgel\u00f6st. So l\u00e4sst eine bekannte Fuldaer Unternehmerfamilie den Grabstein ihrer Vorfahren von einem Steinmetz sanieren. M\u00f6ller: \u201eEin sch\u00f6nes Beispiel, was ein solches Projekt alles bewirken kann. Daf\u00fcr bin ich sehr dankbar.\u201c<\/p>\n<p>Wegebau<\/p>\n<p>Was die Wege betrifft, merkt M\u00f6ller an, dass das historische Netz im \u00e4ltesten Friedhofbereich wieder sichtbar gemacht werden soll dank eine teilweise Neuanordnung und Erg\u00e4nzung der Wegebeziehungen. Grundlage hierf\u00fcr sind Aussagen aus Archivbest\u00e4nden. Um die Zugangsm\u00f6glichkeiten f\u00fcr Besucher der Anlage zu eweitern, beabsichtigen die Planer, einen historischen Eingang an der Goethestra\u00dfe wieder zu \u00f6ffnen und an das Wegenetz anzuschlie\u00dfen. Die neuen Wege sollen eine wassergebundene Decke mit Sandsteineinfassung erhalten. Beigefarbener Asphalt wird auf den Hauptwegeverbindungen aufgetragen, wie Fuldas Verwaltungschef erl\u00e4utert, \u201eso ist die ganzj\u00e4hrige Nutzung durch Fu\u00dfg\u00e4nger und Pflegefahrzeuge sichergestellt.\u201c Haupt- und Nebenwege werden in unterschiedlichen Breiten und Materialien ausgef\u00fchrt.<\/p>\n<p>Einer der \u00e4ltesten Friedh\u00f6fe<\/p>\n<p>Der Friedhof am \u201eFranzosenw\u00e4ldchen\u201c z\u00e4hlt \u00fcbrigens zu den \u00e4ltesten der mehr als 20 Anlagen in der Kernstadt und den Stadtteilen. Ab 1531 sind die ersten Bestattungen nachweisbar. Bis 1877 \u2013 abgesehen von einigen noch etwas j\u00fcngeren Gr\u00e4bern \u2013 haben mehr oder weniger bekannte\u00c2\u00a0 Fuldaer hier ihre letzte Ruhe gefunden. Historische Kreuze, Bildst\u00f6cke und einige bemerkenswerte Grabm\u00e4ler machen den Reiz beziehungsweise den besonderen kulturhistorischen Wert des \u201ealten st\u00e4dtischen Friedhofs\u201c aus. Wer ihn am Eingang mit den zwei Ananaspfeilern am Beginn der Goethestra\u00dfe betritt, blickt sofort auf die sp\u00e4tgotische Kapelle, in der heute noch etwa 100 wertvolle Grabsteine aus mehr als 300j\u00e4hriger Geschichte\u00c2\u00a0 zu finden sind. Ein Gang \u00fcber das Areal mit seinen hohen alten B\u00e4umen kommt einem Streifzug durch die alte fuldische Familien- und Sozialgeschichte gleich dank der noch zahlreich erhaltenen imposanten Grabst\u00e4tten der politischen und geistigen Oberschicht sowie von Industriellen wie der Familie M\u00fcller, R\u00fcbsam, Weber oder Bellinger. Beim Rundgang \u00fcber den Friedhof, auf dem mit Franz Rang auch ein ehemaliger Oberb\u00fcrgermeister sowie ein ehemaliger B\u00fcrgermeister beerdigt sind, f\u00e4llt eine Grabst\u00e4tte besonders auf. Zusammen mit seiner Frau liegt unmittelbar am Eingang\u00c2\u00a0 der Sohn des letzten amtierenden Kurf\u00fcrsten von Hessen, der aufgrund seiner drei Hunde im Volksmund \u201eHundeprinz\u201c genannt wurde, begraben.<\/p>\n<p>Mehr Aufenthaltsqualit\u00e4t<\/p>\n<p>Nach der behutsamen\u00c2\u00a0 \u00dcberarbeitung wird der\u00c2\u00a0 \u201ealte st\u00e4dtische Friedhof\u201c als \u201eb\u00fcrgerfreundliche Gr\u00fcnfl\u00e4che\u00c2\u00a0 noch mehr Aufenthaltsqualit\u00e4t erhalten\u201c, versprechen Oberb\u00fcrgermeister Gerhard M\u00f6ller und Stadtbaurat Daniel Schreiner. Beispielsweise dadurch, dass R\u00e4ume mit \u201eunterschiedlichen Verweilm\u00f6glichkeiten\u201c auf dem weitl\u00e4ufigen Gel\u00e4nde entstehen. Gleichzeitig legen alle Beteiligte Wert darauf, den\u00c2\u00a0 Charakter des ehemaligen Friedhofes als Ort der Stadtgeschichte und Erinnerung zu erhalten und zu st\u00e4rken. Der wertvolle alte Baumbestand bleibt deshalb weitestgehend erhalten; die \u201eW\u00fcrde der Grabstellen\u201c gewahrt, wie M\u00f6ller und Schreiner betonen. Gef\u00f6rdert wird die Friedhofssanierung<br \/>\ndurch das Programm \u201eStadtumbau in Hessen\u201c. Der aktuellen Entwurfsplanung als Grundlage der vorgesehenen Ver\u00e4nderungen ging 2013 eine Machbarkeitsstudie voraus, deren Ergebnis Grundlage f\u00fcr die weitere planerische Bearbeitung geworden ist.<\/p>\n","protected":false},"excerpt":{"rendered":"<div class=\"tmnf_excerpt\"><p>Radlader rollen \u00fcber das Gel\u00e4nde. Kleinbagger \u201ebuddeln\u201c. \u00dcberall auf dem gro\u00dfen, lichtdurchfluteten Areal entstehen neue Pflanzgruben f\u00fcr B\u00fcsche und B\u00e4ume. \u201eDie anstehenden Arbeiten zur Neugestaltung des alten Friedhofs in der Goethestra\u00dfe gehen z\u00fcgig voran. Wir liegen gut im Zeitplan\u201c, lautet die erfreuliche Zwischenbilanz von Fuldas OB und Kulturdezernent Gerhard M\u00f6ller nach einer ersten Begehung der &hellip;<\/p>\n<\/div>","protected":false},"author":1,"featured_media":138720,"comment_status":"closed","ping_status":"closed","sticky":false,"template":"","format":"standard","meta":{"footnotes":""},"categories":[1],"tags":[],"class_list":["post-138713","post","type-post","status-publish","format-standard","has-post-thumbnail","hentry","category-startseite"],"_links":{"self":[{"href":"https:\/\/www.fuldaernachrichten.de\/index.php?rest_route=\/wp\/v2\/posts\/138713","targetHints":{"allow":["GET"]}}],"collection":[{"href":"https:\/\/www.fuldaernachrichten.de\/index.php?rest_route=\/wp\/v2\/posts"}],"about":[{"href":"https:\/\/www.fuldaernachrichten.de\/index.php?rest_route=\/wp\/v2\/types\/post"}],"author":[{"embeddable":true,"href":"https:\/\/www.fuldaernachrichten.de\/index.php?rest_route=\/wp\/v2\/users\/1"}],"replies":[{"embeddable":true,"href":"https:\/\/www.fuldaernachrichten.de\/index.php?rest_route=%2Fwp%2Fv2%2Fcomments&post=138713"}],"version-history":[{"count":1,"href":"https:\/\/www.fuldaernachrichten.de\/index.php?rest_route=\/wp\/v2\/posts\/138713\/revisions"}],"predecessor-version":[{"id":138723,"href":"https:\/\/www.fuldaernachrichten.de\/index.php?rest_route=\/wp\/v2\/posts\/138713\/revisions\/138723"}],"wp:featuredmedia":[{"embeddable":true,"href":"https:\/\/www.fuldaernachrichten.de\/index.php?rest_route=\/wp\/v2\/media\/138720"}],"wp:attachment":[{"href":"https:\/\/www.fuldaernachrichten.de\/index.php?rest_route=%2Fwp%2Fv2%2Fmedia&parent=138713"}],"wp:term":[{"taxonomy":"category","embeddable":true,"href":"https:\/\/www.fuldaernachrichten.de\/index.php?rest_route=%2Fwp%2Fv2%2Fcategories&post=138713"},{"taxonomy":"post_tag","embeddable":true,"href":"https:\/\/www.fuldaernachrichten.de\/index.php?rest_route=%2Fwp%2Fv2%2Ftags&post=138713"}],"curies":[{"name":"wp","href":"https:\/\/api.w.org\/{rel}","templated":true}]}}