{"id":138706,"date":"2015-05-19T23:13:33","date_gmt":"2015-05-19T21:13:33","guid":{"rendered":"http:\/\/www.fuldaer-nachrichten.de\/?p=138706"},"modified":"2015-05-19T23:13:33","modified_gmt":"2015-05-19T21:13:33","slug":"neubau-der-eisenbahnbruecke-bei-goetzenhof-hat-begonnen","status":"publish","type":"post","link":"https:\/\/www.fuldaernachrichten.de\/?p=138706","title":{"rendered":"Neubau der Eisenbahnbr\u00fccke bei G\u00f6tzenhof hat begonnen"},"content":{"rendered":"<p>Die Arbeiten zur Errichtung der neuen Eisenbahnbr\u00fccke zwischen Lehnerz und G\u00f6tzenhof befinden sich im vorgesehenen Zeitrahmen. Nach Mitteilung von Hessen Mobil sollen am Pfingstwochenende vom 23. bis 25. Mai die Fertigteiltr\u00e4ger der Fahrbahnplatte verlegt werden.<\/p>\n<p>Im vergangenen Jahr war das alte Bauwerk abgebrochen worden, wobei sich der Abbruch sehr aufw\u00e4ndig und schwierig gestaltete, weil die Arbeiten gr\u00f6\u00dftenteils nur in Sperrpausen der Bundesbahn in verkehrsschwachen Zeiten nachts oder am Wochenende durchgef\u00fchrt werden konnten. Anfang Januar wurde mit den Arbeiten an dem neuen Bauwerk begonnen. Zun\u00e4chst mussten beidseitig die erforderlichen Baugruben mit einem Gesamtvolumen von 5.500 Kubikmeter hergestellt werden. Zur Gr\u00fcndung\u00c2\u00a0 wurden Betonpf\u00e4hle in einer Gesamtl\u00e4nge von 120 Meter L\u00e4nge eingebracht. Insgesamt 1.400 Kubikmeter Beton und 185 Tonnen Betonstahl waren f\u00fcr die Errichtung der Seitenw\u00e4nde erforderlich.<\/p>\n<p>Bei der Verlegung von insgesamt f\u00fcnf Fertigteiltr\u00e4gern, ebenfalls in n\u00e4chtlichen Sperrpausen der Bahn, wird ein 500-Tonnen-Mobilkran zum Einsatz kommen. Von der Lehnerzer Seite aus werden die 27 Meter langen und 62 Tonnen schweren Teile \u00fcber den Gleisen eingehoben. Am gesamten Pfingstwochenende k\u00f6nnen Behinderungen im Bereich rund um die Baustelle bis zum Parkplatz Milseburgradweg auftreten, wo die beiden gr\u00f6\u00dften Fertigteile zwischengelagert werden. Auch wird sich eine gewisse Ger\u00e4uschkulisse an der hell erleuchteten Baustelle nicht vermeiden lassen. Hessen Mobil bittet schon jetzt die betroffenen Anwohner und Verkehrsteilnehmer um Verst\u00e4ndnis.<\/p>\n<p>Nachdem die Fertigteile verlegt worden sind, wird in den kommenden Wochen die Br\u00fccke fertiggestellt. Im September sollen die Schutzger\u00fcste abgebaut und die Erdung des Bauwerks hergestellt werden. Parallel zu den Br\u00fcckenbauarbeiten werden in den Sommerferien die Stra\u00dfenbauarbeiten auf der G\u00f6tzenhofer Seite ausgef\u00fchrt und dabei auch die Br\u00fcckenstra\u00dfe neu angebunden. Nach Fertigstellung der Eisenbahnbr\u00fccke wird mit den Stra\u00dfenbauarbeiten auf der Lehnerzer Seite einschlie\u00dflich des Kreisels begonnen. Bei entsprechender Witterung sollen die Stra\u00dfenarbeiten noch in diesem Jahr abgeschlossen werden und die Kreisstra\u00dfen K 1 und K 6 wieder voll befahrbar sein.<\/p>\n","protected":false},"excerpt":{"rendered":"<div class=\"tmnf_excerpt\"><p>Die Arbeiten zur Errichtung der neuen Eisenbahnbr\u00fccke zwischen Lehnerz und G\u00f6tzenhof befinden sich im vorgesehenen Zeitrahmen. Nach Mitteilung von Hessen Mobil sollen am Pfingstwochenende vom 23. bis 25. Mai die Fertigteiltr\u00e4ger der Fahrbahnplatte verlegt werden. Im vergangenen Jahr war das alte Bauwerk abgebrochen worden, wobei sich der Abbruch sehr aufw\u00e4ndig und schwierig gestaltete, weil die &hellip;<\/p>\n<\/div>","protected":false},"author":1,"featured_media":138707,"comment_status":"closed","ping_status":"closed","sticky":false,"template":"","format":"standard","meta":{"footnotes":""},"categories":[1],"tags":[],"class_list":["post-138706","post","type-post","status-publish","format-standard","has-post-thumbnail","hentry","category-startseite"],"_links":{"self":[{"href":"https:\/\/www.fuldaernachrichten.de\/index.php?rest_route=\/wp\/v2\/posts\/138706","targetHints":{"allow":["GET"]}}],"collection":[{"href":"https:\/\/www.fuldaernachrichten.de\/index.php?rest_route=\/wp\/v2\/posts"}],"about":[{"href":"https:\/\/www.fuldaernachrichten.de\/index.php?rest_route=\/wp\/v2\/types\/post"}],"author":[{"embeddable":true,"href":"https:\/\/www.fuldaernachrichten.de\/index.php?rest_route=\/wp\/v2\/users\/1"}],"replies":[{"embeddable":true,"href":"https:\/\/www.fuldaernachrichten.de\/index.php?rest_route=%2Fwp%2Fv2%2Fcomments&post=138706"}],"version-history":[{"count":1,"href":"https:\/\/www.fuldaernachrichten.de\/index.php?rest_route=\/wp\/v2\/posts\/138706\/revisions"}],"predecessor-version":[{"id":138708,"href":"https:\/\/www.fuldaernachrichten.de\/index.php?rest_route=\/wp\/v2\/posts\/138706\/revisions\/138708"}],"wp:featuredmedia":[{"embeddable":true,"href":"https:\/\/www.fuldaernachrichten.de\/index.php?rest_route=\/wp\/v2\/media\/138707"}],"wp:attachment":[{"href":"https:\/\/www.fuldaernachrichten.de\/index.php?rest_route=%2Fwp%2Fv2%2Fmedia&parent=138706"}],"wp:term":[{"taxonomy":"category","embeddable":true,"href":"https:\/\/www.fuldaernachrichten.de\/index.php?rest_route=%2Fwp%2Fv2%2Fcategories&post=138706"},{"taxonomy":"post_tag","embeddable":true,"href":"https:\/\/www.fuldaernachrichten.de\/index.php?rest_route=%2Fwp%2Fv2%2Ftags&post=138706"}],"curies":[{"name":"wp","href":"https:\/\/api.w.org\/{rel}","templated":true}]}}