{"id":138696,"date":"2015-05-19T23:11:32","date_gmt":"2015-05-19T21:11:32","guid":{"rendered":"http:\/\/www.fuldaer-nachrichten.de\/?p=138696"},"modified":"2015-05-19T23:11:32","modified_gmt":"2015-05-19T21:11:32","slug":"500-te-gesundheitswanderfuehrer-ausgebildet","status":"publish","type":"post","link":"https:\/\/www.fuldaernachrichten.de\/?p=138696","title":{"rendered":"500-te Gesundheitswanderf\u00fchrer ausgebildet"},"content":{"rendered":"<p>Der 500-te Gesundheitswanderf\u00fchrer ist jetzt vom Deutschen Wanderverband (DWV) ausgebildet worden. Der Kurs in Geiselwind war der erste, der sich ausschlie\u00dflich an Bewegungstherapeuten richtete und der erste, den der Deutsche Wanderverband im Auftrag einer Krankenversicherung durchf\u00fchrte.<\/p>\n<p>Zwei Wochenenden verbrachten die 18 Physiotherapeuten und Sportlehrer beziehungsweise Sportwissenschaftler in Geiselwind. Nach dem Kurs im Auftrag der AOK Bayern war dann die 500-ter-Marke geknackt. Bundesweit gibt es nun genau 515 Gesundheitswanderf\u00fchrer.<\/p>\n<p>Der inhaltliche Schwerpunkt der beiden Wochenenden lag in der Konzeption und dem inhaltlichen Aufbau von Gesundheitswanderungen sowie auf dem Umgang mit Karte, Kompass und GPS und dem F\u00fchren von Wanderungen.<\/p>\n<p>Seit Beginn der Gesundheitswanderf\u00fchrerfortbildungen im Jahr 2009 f\u00fchrte der Deutsche Wanderverband 36 Kurse durch \u2013 30 davon in Kooperation mit den Wanderakademien seiner Mitgliedsvereine. 6 Kurse wurden durch externe Veranstalter wie Kommunen, Tourismusregionen oder dem Reiseveranstalter Wikinger-Reisen gebucht.<\/p>\n<p>Von den jetzt 515 Gesundheitswanderf\u00fchrern sind von ihrer Vorbildung 351 Wanderf\u00fchrer DWV, 130 Bewegungstherapeuten und 46 Wikinger Reiseleiter. Einige Gesundheitswanderf\u00fchrer besitzen eine Doppelqualifikation. Der Anteil der Bewegungstherapeuten, die an der Schulung teilnehmen steigt best\u00e4ndig, seit das \u201eGesundheitswandern, zertifiziert nach Deutscher Wanderverband\u201c von den gesetzlichen Krankenversicherungen als prim\u00e4rpr\u00e4ventive Ma\u00dfnahme anerkannt wird, wenn es von Bewegungstherapeuten mit Zusatzqualifikation Gesundheitswanderf\u00fchrer angeboten wird. Seit Fr\u00fchjahr 2015 wird die Schulung auch als \u201eRefresher\u201c f\u00fcr R\u00fcckenschullehrer der Konf\u00f6rderation der deutschen R\u00fcckenschulen, KddR, anerkannt.<\/p>\n<p>2015 bietet der Deutsche Wanderverband noch vier Kurse f\u00fcr die Gesundheitswanderf\u00fchrerausbildung an: in Bad Blankenburg (Th\u00fcringen), Unterharmersbach und Freudenstein (Baden-W\u00fcrttemberg) und Wertach (Bayern).<\/p>\n<p>Informationen und Anmeldeunterlagen gibt es im Internet: www.gesundheitswanderfuehrer.de<\/p>\n","protected":false},"excerpt":{"rendered":"<div class=\"tmnf_excerpt\"><p>Der 500-te Gesundheitswanderf\u00fchrer ist jetzt vom Deutschen Wanderverband (DWV) ausgebildet worden. Der Kurs in Geiselwind war der erste, der sich ausschlie\u00dflich an Bewegungstherapeuten richtete und der erste, den der Deutsche Wanderverband im Auftrag einer Krankenversicherung durchf\u00fchrte. Zwei Wochenenden verbrachten die 18 Physiotherapeuten und Sportlehrer beziehungsweise Sportwissenschaftler in Geiselwind. Nach dem Kurs im Auftrag der AOK &hellip;<\/p>\n<\/div>","protected":false},"author":1,"featured_media":0,"comment_status":"closed","ping_status":"closed","sticky":false,"template":"","format":"standard","meta":{"footnotes":""},"categories":[1,51],"tags":[],"class_list":["post-138696","post","type-post","status-publish","format-standard","hentry","category-startseite","category-medizin"],"_links":{"self":[{"href":"https:\/\/www.fuldaernachrichten.de\/index.php?rest_route=\/wp\/v2\/posts\/138696","targetHints":{"allow":["GET"]}}],"collection":[{"href":"https:\/\/www.fuldaernachrichten.de\/index.php?rest_route=\/wp\/v2\/posts"}],"about":[{"href":"https:\/\/www.fuldaernachrichten.de\/index.php?rest_route=\/wp\/v2\/types\/post"}],"author":[{"embeddable":true,"href":"https:\/\/www.fuldaernachrichten.de\/index.php?rest_route=\/wp\/v2\/users\/1"}],"replies":[{"embeddable":true,"href":"https:\/\/www.fuldaernachrichten.de\/index.php?rest_route=%2Fwp%2Fv2%2Fcomments&post=138696"}],"version-history":[{"count":1,"href":"https:\/\/www.fuldaernachrichten.de\/index.php?rest_route=\/wp\/v2\/posts\/138696\/revisions"}],"predecessor-version":[{"id":138703,"href":"https:\/\/www.fuldaernachrichten.de\/index.php?rest_route=\/wp\/v2\/posts\/138696\/revisions\/138703"}],"wp:attachment":[{"href":"https:\/\/www.fuldaernachrichten.de\/index.php?rest_route=%2Fwp%2Fv2%2Fmedia&parent=138696"}],"wp:term":[{"taxonomy":"category","embeddable":true,"href":"https:\/\/www.fuldaernachrichten.de\/index.php?rest_route=%2Fwp%2Fv2%2Fcategories&post=138696"},{"taxonomy":"post_tag","embeddable":true,"href":"https:\/\/www.fuldaernachrichten.de\/index.php?rest_route=%2Fwp%2Fv2%2Ftags&post=138696"}],"curies":[{"name":"wp","href":"https:\/\/api.w.org\/{rel}","templated":true}]}}