{"id":138694,"date":"2015-05-19T23:09:41","date_gmt":"2015-05-19T21:09:41","guid":{"rendered":"http:\/\/www.fuldaer-nachrichten.de\/?p=138694"},"modified":"2015-05-19T23:09:41","modified_gmt":"2015-05-19T21:09:41","slug":"rueckerstattung-der-kita-betreuungsgebuehren-bei-streik","status":"publish","type":"post","link":"https:\/\/www.fuldaernachrichten.de\/?p=138694","title":{"rendered":"R\u00fcckerstattung der Kita-Betreuungsgeb\u00fchren bei Streik"},"content":{"rendered":"<p>Beim aktuellen Streik der ErzieherInnen bleiben Kindertagesst\u00e4tten auch in der Region Fulda zum Teil ganz geschlossen, zum Teil ist die Betreuung auf Notgruppen mit eingeschr\u00e4nkten Zeiten reduziert. Der Streik, der gegen die Arbeitgeber und Tr\u00e4ger der Einrichtungen gerichtet ist und heute in die zweite Woche geht, trifft bislang ausschlie\u00dflich die Eltern. Mehr noch: die \u00f6ffentlichen Arbeitgeber fahren sogar streikbedingte Vorteile ein, da sie den Streikenden keine Verg\u00fctung zahlen m\u00fcssen und sich zudem die Betriebskosten bei geschlossener Kita verringern. So k\u00f6nnten die Arbeitgeber den Streik auf lange Zeit aushalten, erkl\u00e4rt heute der CDA-Kreisvorsitzende Hubert Schulte in Fulda.<\/p>\n<p>Schulte h\u00e4lt aus diesem Grunde eine anteilige Erstattung der Betreuungsgeb\u00fchren f\u00fcr geboten. Diese diene zum einen den jungen Familien, um deren Kosten f\u00fcr anderweitig organisierte Kinderbetreuung aufzufangen. Zum anderen w\u00fcrde der von den Gewerkschaften mit dem Streik gewollte Druck auf die \u00f6ffentlichen Arbeitgeber auch bei diesen ankommen und vermutlich zu einer schnelleren Tarif-Einigung und damit einer Streikverk\u00fcrzung beitragen, statt an deren Stelle die Eltern zu treffen. Letztere h\u00e4tten bei gezahlten Beitr\u00e4gen einen Anspruch auf die vereinbarte Gegenleistung in Form einer gesicherten Betreuung. K\u00f6nnten die Tr\u00e4ger diese Leistung nicht erbringen, seien die Eltern nicht verpflichtet, f\u00fcr streikbedingte Schlie\u00dftage der ganzen Einrichtungen oder einzelner Kita-Gruppen Geb\u00fchren zu zahlen, so Schulte weiter. Bevor nun aber Eltern individuell eine R\u00fcckerstattung geltend machten, w\u00e4re es besser und sicher auch familien- wie arbeitnehmerfreundlicher, wenn die zust\u00e4ndigen kommunalen Gremien eine R\u00fcckerstattung von sich aus regeln, selbst wenn diese mit einem gewissen Verwaltungsaufwand verbunden sei. Eine anteilige Erstattung sei rechtens und gerecht.<\/p>\n<p>Zu den Zielen des Streiks selbst fordert der CDA-Vorsitzende die Tarifvertragsparteien auf, zeitnah eine leistungs- und verantwortungsgerechte Tarifeinigung zu finden. Der Arbeit mit Kindern, Jugendlichen und deren Familien ist im Verh\u00e4ltnis zur sogenannten produktiven Arbeit eine angemessene gesellschaftliche Anerkennung beizumessen, die auch in einer entsprechenden Verg\u00fctung erkennbar sein muss. Diese Arbeit an den Menschen habe f\u00fcr die Zukunft der Gesellschaft einen hohen Stellenwert, davon zeigt sich Hubert Schulte \u00fcberzeugt.<\/p>\n<p>www.cdu-kreisverband-fulda.de<\/p>\n","protected":false},"excerpt":{"rendered":"<div class=\"tmnf_excerpt\"><p>Beim aktuellen Streik der ErzieherInnen bleiben Kindertagesst\u00e4tten auch in der Region Fulda zum Teil ganz geschlossen, zum Teil ist die Betreuung auf Notgruppen mit eingeschr\u00e4nkten Zeiten reduziert. Der Streik, der gegen die Arbeitgeber und Tr\u00e4ger der Einrichtungen gerichtet ist und heute in die zweite Woche geht, trifft bislang ausschlie\u00dflich die Eltern. Mehr noch: die \u00f6ffentlichen &hellip;<\/p>\n<\/div>","protected":false},"author":1,"featured_media":0,"comment_status":"closed","ping_status":"closed","sticky":false,"template":"","format":"standard","meta":{"footnotes":""},"categories":[1,72,29],"tags":[],"class_list":["post-138694","post","type-post","status-publish","format-standard","hentry","category-startseite","category-jugend","category-politik"],"_links":{"self":[{"href":"https:\/\/www.fuldaernachrichten.de\/index.php?rest_route=\/wp\/v2\/posts\/138694","targetHints":{"allow":["GET"]}}],"collection":[{"href":"https:\/\/www.fuldaernachrichten.de\/index.php?rest_route=\/wp\/v2\/posts"}],"about":[{"href":"https:\/\/www.fuldaernachrichten.de\/index.php?rest_route=\/wp\/v2\/types\/post"}],"author":[{"embeddable":true,"href":"https:\/\/www.fuldaernachrichten.de\/index.php?rest_route=\/wp\/v2\/users\/1"}],"replies":[{"embeddable":true,"href":"https:\/\/www.fuldaernachrichten.de\/index.php?rest_route=%2Fwp%2Fv2%2Fcomments&post=138694"}],"version-history":[{"count":1,"href":"https:\/\/www.fuldaernachrichten.de\/index.php?rest_route=\/wp\/v2\/posts\/138694\/revisions"}],"predecessor-version":[{"id":138695,"href":"https:\/\/www.fuldaernachrichten.de\/index.php?rest_route=\/wp\/v2\/posts\/138694\/revisions\/138695"}],"wp:attachment":[{"href":"https:\/\/www.fuldaernachrichten.de\/index.php?rest_route=%2Fwp%2Fv2%2Fmedia&parent=138694"}],"wp:term":[{"taxonomy":"category","embeddable":true,"href":"https:\/\/www.fuldaernachrichten.de\/index.php?rest_route=%2Fwp%2Fv2%2Fcategories&post=138694"},{"taxonomy":"post_tag","embeddable":true,"href":"https:\/\/www.fuldaernachrichten.de\/index.php?rest_route=%2Fwp%2Fv2%2Ftags&post=138694"}],"curies":[{"name":"wp","href":"https:\/\/api.w.org\/{rel}","templated":true}]}}