{"id":138665,"date":"2015-05-19T23:10:27","date_gmt":"2015-05-19T21:10:27","guid":{"rendered":"http:\/\/www.fuldaer-nachrichten.de\/?p=138665"},"modified":"2015-05-19T23:10:27","modified_gmt":"2015-05-19T21:10:27","slug":"hans-im-glueck-oder-der-traum-vom-fliegen-ein-theaterstueck-nicht-nur-fuer-kinder","status":"publish","type":"post","link":"https:\/\/www.fuldaernachrichten.de\/?p=138665","title":{"rendered":"Hans im Gl\u00fcck oder der Traum vom Fliegen \u2013 Ein Theaterst\u00fcck nicht nur f\u00fcr Kinder"},"content":{"rendered":"<p>\u201eHans im Gl\u00fcck oder der Traum vom Fliegen\u201c ist ein Theaterst\u00fcck f\u00fcr Kinder, das am vergangenen Freitag in der Kinderakademie Fulda aufgef\u00fchrt wurde. Im Mittelpunkt dieses Theaterst\u00fccks steht der Zimmerergeselle Johann. Sein Brotzeitraum ist gleichzeitig die \u201eWerkstatt\u201c seines kleinen Freundes Paul, der dort nach Herzenslust spielen und bauen darf. Dort muss Johann dem neunj\u00e4hrigen Sohn seines Chefs und\u00c2\u00a0 Meisters auch immer wieder vom Hans im Gl\u00fcck erz\u00e4hlen.\u00c2\u00a0 Am liebsten jeden Tag. Als Paul verbotenerweise einen geheimnisvollen Koffer von Johanns Dachboden holt, wird das Leben des Altgesellen jedoch v\u00f6llig auf den Kopf gestellt.<\/p>\n<p>Gespielt wird der Zimmerergeselle Johann von Richard Betz. Betz ist Architekt und Zimmermann und hat einen eigenen Zimmererbetrieb in Liebenau-Ersen im Landkreis Kassel. Seit dem 30. April tourt er durch Hessen, von Bensheim, der Hessentagstadt 2014, nach Hofgeismar, wo am 28. Mai der Hessentag 2015 beginnt. Dabei macht er an allen Orten zwischen Bensheim und Hofgeismar Station, wo es eine Kreishandwerkerschaft gibt, so jetzt auch in Fulda.\u00c2\u00a0 Auf ber\u00fchrende Art und Weise hat er ca. 50 Kinder und Erwachsene in die Welt der Wanderburschen mitgenommen, wo sie ihr B\u00fcndel packen und f\u00fcr drei Jahre und einen Tag in die Welt ziehen. In hervorragender Weise ist es ihm gelungen, das Handwerk in seiner Wertigkeit und Bedeutung sehr emotional, lebendig, fr\u00f6hlich und engagiert in das Sichtfeld der jungen Zuschauer zu r\u00fccken. Und als er am Schluss seiner Darbietung an die Kinder die Frage richtete, \u201eW\u00fcrdet Ihr mit mir auf Wanderschaft gehen\u201c, kam ihm ein einhelliges lautfr\u00f6hliches \u201eJa\u201c entgegen.<\/p>\n<p>Mit diesem Theaterst\u00fcck m\u00f6chte Betz nicht nur eine Br\u00fccke vom letzten Hessentag zum kommenden in Hofgeismar schlagen, sondern vor allem auch Kindern und Jugendlichen das Handwerk f\u00fcr eine Ausbildung n\u00e4her bringen und sie f\u00fcr das Handwerk begeistern. In Fulda ist ihm das auf jeden Fall bestens gelungen. F\u00fcr die Kreishandwerkerschaft Fulda war es naheliegend, die Kinderakademie mit einzubeziehen. Finanzielle gesponsert wird die Theatertournee durch den Sparkassen und Giroverband Hessen-Th\u00fcringen. Im Internet ist unter www.hansimgl\u00fcck.de ein Reisetagebuch von Richard Betz zu finden sowie die Termine f\u00fcr weitere Auff\u00fchrungen.<\/p>\n","protected":false},"excerpt":{"rendered":"<div class=\"tmnf_excerpt\"><p>\u201eHans im Gl\u00fcck oder der Traum vom Fliegen\u201c ist ein Theaterst\u00fcck f\u00fcr Kinder, das am vergangenen Freitag in der Kinderakademie Fulda aufgef\u00fchrt wurde. Im Mittelpunkt dieses Theaterst\u00fccks steht der Zimmerergeselle Johann. Sein Brotzeitraum ist gleichzeitig die \u201eWerkstatt\u201c seines kleinen Freundes Paul, der dort nach Herzenslust spielen und bauen darf. Dort muss Johann dem neunj\u00e4hrigen Sohn &hellip;<\/p>\n<\/div>","protected":false},"author":1,"featured_media":138697,"comment_status":"closed","ping_status":"closed","sticky":false,"template":"","format":"standard","meta":{"footnotes":""},"categories":[1],"tags":[],"class_list":["post-138665","post","type-post","status-publish","format-standard","has-post-thumbnail","hentry","category-startseite"],"_links":{"self":[{"href":"https:\/\/www.fuldaernachrichten.de\/index.php?rest_route=\/wp\/v2\/posts\/138665","targetHints":{"allow":["GET"]}}],"collection":[{"href":"https:\/\/www.fuldaernachrichten.de\/index.php?rest_route=\/wp\/v2\/posts"}],"about":[{"href":"https:\/\/www.fuldaernachrichten.de\/index.php?rest_route=\/wp\/v2\/types\/post"}],"author":[{"embeddable":true,"href":"https:\/\/www.fuldaernachrichten.de\/index.php?rest_route=\/wp\/v2\/users\/1"}],"replies":[{"embeddable":true,"href":"https:\/\/www.fuldaernachrichten.de\/index.php?rest_route=%2Fwp%2Fv2%2Fcomments&post=138665"}],"version-history":[{"count":1,"href":"https:\/\/www.fuldaernachrichten.de\/index.php?rest_route=\/wp\/v2\/posts\/138665\/revisions"}],"predecessor-version":[{"id":138698,"href":"https:\/\/www.fuldaernachrichten.de\/index.php?rest_route=\/wp\/v2\/posts\/138665\/revisions\/138698"}],"wp:featuredmedia":[{"embeddable":true,"href":"https:\/\/www.fuldaernachrichten.de\/index.php?rest_route=\/wp\/v2\/media\/138697"}],"wp:attachment":[{"href":"https:\/\/www.fuldaernachrichten.de\/index.php?rest_route=%2Fwp%2Fv2%2Fmedia&parent=138665"}],"wp:term":[{"taxonomy":"category","embeddable":true,"href":"https:\/\/www.fuldaernachrichten.de\/index.php?rest_route=%2Fwp%2Fv2%2Fcategories&post=138665"},{"taxonomy":"post_tag","embeddable":true,"href":"https:\/\/www.fuldaernachrichten.de\/index.php?rest_route=%2Fwp%2Fv2%2Ftags&post=138665"}],"curies":[{"name":"wp","href":"https:\/\/api.w.org\/{rel}","templated":true}]}}