{"id":138659,"date":"2015-05-17T12:25:24","date_gmt":"2015-05-17T10:25:24","guid":{"rendered":"http:\/\/www.fuldaer-nachrichten.de\/?p=138659"},"modified":"2015-05-17T12:25:24","modified_gmt":"2015-05-17T10:25:24","slug":"fusswallfahrt-zum-heiligen-blut-nach-wallduern-beginnt-2","status":"publish","type":"post","link":"https:\/\/www.fuldaernachrichten.de\/?p=138659","title":{"rendered":"Fu\u00dfwallfahrt zum Heiligen Blut nach Walld\u00fcrn beginnt"},"content":{"rendered":"<p>Am Samstag, 30. Mai beginnt mit dem Aussendungsgottesdienst um 7.30 Uhr im Hohen Dom zuFulda, dem Pater Martin Wolf, OMI, H\u00fcnfeld vorstehen wird, die viereinhalb t\u00e4gige Fu\u00dfwallfahrt von Fulda zum Heiligen Blut nach Walld\u00fcrn im Odenwald. Das Leitwort lautet: &#8221; Damit \u2013 WIR \u2013 das Leben haben (nach Joh. 10,10)\u201c. Der zweite Wallfahrtstag beginnt am Dreifaltigkeitssonntag auf dem Volkersberg um 7 Uhr mit dem F\u00fcnf \u2013 Wunden \u2013 Gebet, danach Abmarsch. Der Jugendgottesdienst ist dieses Mal um 9 Uhr in der Pfarrkirche in Oberleichtersbach. Nach der Mittagspause beginnt die Prozession in der Ortsmitte und zieht \u00fcber Unterleichtersbach nach Hammelburg. In Gauaschach ist nach Ankunft der Busse um 5.45 Uhr Eucharistiefeier und Weitermarsch um 7.45 Uhr. Der vierte Tag beginnt um 4 Uhr in Leinach und der Gottesdienst in Greu\u00dfenheim ist um 5.45 Uhr. Am letzten Tag startet die Wallfahrt um 4 Uhr in K\u00fclsheim und erreicht gegen Mittag Walld\u00fcrn. Dort wird Erzbischof Prof. Dr. Ludwig Schick, Bamberg, die Wallfahrer empfangen und mit ihnen in der Heilig Blut Basilika den Gottesdienst feiern. F\u00fcr die Pilger, die bereits am Mittwoch schon die Heimreise antreten m\u00fcssen, findet um 16.00 Uhr eine Abschiedsandacht in der Basilika statt. Fahrkarten f\u00fcr die Busse werden w\u00e4hrend der Wallfahrt angeboten. Wallfahrtsb\u00fccher zum Preis von 10 Euro gibt es in der Buchhandlung am Dom in Fulda oder beim Wallfahrtsbegleitfahrzeug. Wer in Walld\u00fcrn bis Fronleichnam bleiben will, findet nach Auskunft des Verkehrsamtes ausreichend Quartiere.<\/p>\n<p>Bereits am Freitag, 29. Mai erreichen gegen 11.30 die Wallfahrerinnen und Wallfahrer aus Baunatal das Bonifatiusgrab und um 17.15 Uhr werden die Pilger aus dem Eichsfeld am Walld\u00fcrnbildnis auf dem Frauenberg mit einer kurzen Andacht begr\u00fc\u00dft.<\/p>\n<p>Eine Anmeldung zur Wallfahrt ist nicht erforderlich.<br \/>\nAuskunft geben: Wallfahrtsleiter Gerhard Dehler, Telefon 0661\/ 61465, Winfried M\u00f6ller, Rasdorf, Tel.: 06651\/409, Bernd Heimes, Kirchhasel, Tel.: 06652\/8492<\/p>\n","protected":false},"excerpt":{"rendered":"<div class=\"tmnf_excerpt\"><p>Am Samstag, 30. Mai beginnt mit dem Aussendungsgottesdienst um 7.30 Uhr im Hohen Dom zuFulda, dem Pater Martin Wolf, OMI, H\u00fcnfeld vorstehen wird, die viereinhalb t\u00e4gige Fu\u00dfwallfahrt von Fulda zum Heiligen Blut nach Walld\u00fcrn im Odenwald. Das Leitwort lautet: &#8221; Damit \u2013 WIR \u2013 das Leben haben (nach Joh. 10,10)\u201c. Der zweite Wallfahrtstag beginnt am &hellip;<\/p>\n<\/div>","protected":false},"author":1,"featured_media":138660,"comment_status":"closed","ping_status":"closed","sticky":false,"template":"","format":"standard","meta":{"footnotes":""},"categories":[1,50],"tags":[],"class_list":["post-138659","post","type-post","status-publish","format-standard","has-post-thumbnail","hentry","category-startseite","category-kirche"],"_links":{"self":[{"href":"https:\/\/www.fuldaernachrichten.de\/index.php?rest_route=\/wp\/v2\/posts\/138659","targetHints":{"allow":["GET"]}}],"collection":[{"href":"https:\/\/www.fuldaernachrichten.de\/index.php?rest_route=\/wp\/v2\/posts"}],"about":[{"href":"https:\/\/www.fuldaernachrichten.de\/index.php?rest_route=\/wp\/v2\/types\/post"}],"author":[{"embeddable":true,"href":"https:\/\/www.fuldaernachrichten.de\/index.php?rest_route=\/wp\/v2\/users\/1"}],"replies":[{"embeddable":true,"href":"https:\/\/www.fuldaernachrichten.de\/index.php?rest_route=%2Fwp%2Fv2%2Fcomments&post=138659"}],"version-history":[{"count":1,"href":"https:\/\/www.fuldaernachrichten.de\/index.php?rest_route=\/wp\/v2\/posts\/138659\/revisions"}],"predecessor-version":[{"id":138661,"href":"https:\/\/www.fuldaernachrichten.de\/index.php?rest_route=\/wp\/v2\/posts\/138659\/revisions\/138661"}],"wp:featuredmedia":[{"embeddable":true,"href":"https:\/\/www.fuldaernachrichten.de\/index.php?rest_route=\/wp\/v2\/media\/138660"}],"wp:attachment":[{"href":"https:\/\/www.fuldaernachrichten.de\/index.php?rest_route=%2Fwp%2Fv2%2Fmedia&parent=138659"}],"wp:term":[{"taxonomy":"category","embeddable":true,"href":"https:\/\/www.fuldaernachrichten.de\/index.php?rest_route=%2Fwp%2Fv2%2Fcategories&post=138659"},{"taxonomy":"post_tag","embeddable":true,"href":"https:\/\/www.fuldaernachrichten.de\/index.php?rest_route=%2Fwp%2Fv2%2Ftags&post=138659"}],"curies":[{"name":"wp","href":"https:\/\/api.w.org\/{rel}","templated":true}]}}