{"id":138654,"date":"2015-05-17T12:23:12","date_gmt":"2015-05-17T10:23:12","guid":{"rendered":"http:\/\/www.fuldaer-nachrichten.de\/?p=138654"},"modified":"2015-05-17T12:23:12","modified_gmt":"2015-05-17T10:23:12","slug":"politik-an-den-beduerfnissen-junger-menschen-orientieren","status":"publish","type":"post","link":"https:\/\/www.fuldaernachrichten.de\/?p=138654","title":{"rendered":"Politik an den Bed\u00fcrfnissen junger Menschen orientieren"},"content":{"rendered":"<p><strong>Die Bundesregierung m\u00f6chte mit den B\u00fcrgern ins Gespr\u00e4ch kommen, was Lebensqualit\u00e4t in Deutschland ausmacht, um ihre Politik k\u00fcnftig noch konkreter an den Bed\u00fcrfnissen der Menschen zu orientieren. Dies soll in Form eines breit angelegten, bundesweiten B\u00fcrgerdialogs und eines Online-Dialogs erfolgen. In der Region sind zwei B\u00fcrgerdialoge geplant. Der eine wird vom Katholikenrat der Di\u00f6zese Fulda veranstaltet, der andere \u2013 speziell f\u00fcr junge Menschen bis 30 Jahre \u2013 von den Partnern des Eduard-Stieler-Campus (ESC).<\/strong><\/p>\n<p>Am Dienstag, 30. Juni, diskutieren von 14 bis 17 Uhr Sch\u00fclerinnen und Sch\u00fcler der Eduard-Stieler-Schule und der Schule f\u00fcr Erwachsene Osthessen sowie die Auszubildenden der Kreisverwaltung Fulda \u00fcber das Thema \u201eGut Leben in Deutschland\u201c. Weitere Interessenten unter 30 Jahre k\u00f6nnen sich bei der Volkshochschule des Landkreises anmelden, Telefon (0661)25199-0. Angelika Bott-Werner, Verantwortliche der Eduard-Stieler-Schule f\u00fcr den B\u00fcrgerdialog, Maria Post, Ausbildungsleiterin der Kreisverwaltung, sowie Achim N\u00f6ll, Lehrer an der Schule f\u00fcr Erwachsene, und VHS-Leiter Michael Friedrich, die beide an der Auftaktveranstaltung mit Bundeskanzlerin Angela Merkel und Wirtschaftsminister Siegmar Gabriel in Berlin teilgenommen haben, freuen sich schon. \u201eDie Ergebnisse unserer Diskussion sollen wirklich in die Politik einflie\u00dfen\u201c, betont Achim N\u00f6ll. \u201eUnser ESC-B\u00fcrgerdialog hat ein Alleinstellungsmerkmal, weil nur junge Leute mitdiskutieren\u201c, so Michael Friedrich.<\/p>\n","protected":false},"excerpt":{"rendered":"<div class=\"tmnf_excerpt\"><p>Die Bundesregierung m\u00f6chte mit den B\u00fcrgern ins Gespr\u00e4ch kommen, was Lebensqualit\u00e4t in Deutschland ausmacht, um ihre Politik k\u00fcnftig noch konkreter an den Bed\u00fcrfnissen der Menschen zu orientieren. Dies soll in Form eines breit angelegten, bundesweiten B\u00fcrgerdialogs und eines Online-Dialogs erfolgen. In der Region sind zwei B\u00fcrgerdialoge geplant. Der eine wird vom Katholikenrat der Di\u00f6zese Fulda &hellip;<\/p>\n<\/div>","protected":false},"author":1,"featured_media":138655,"comment_status":"closed","ping_status":"closed","sticky":false,"template":"","format":"standard","meta":{"footnotes":""},"categories":[1],"tags":[],"class_list":["post-138654","post","type-post","status-publish","format-standard","has-post-thumbnail","hentry","category-startseite"],"_links":{"self":[{"href":"https:\/\/www.fuldaernachrichten.de\/index.php?rest_route=\/wp\/v2\/posts\/138654","targetHints":{"allow":["GET"]}}],"collection":[{"href":"https:\/\/www.fuldaernachrichten.de\/index.php?rest_route=\/wp\/v2\/posts"}],"about":[{"href":"https:\/\/www.fuldaernachrichten.de\/index.php?rest_route=\/wp\/v2\/types\/post"}],"author":[{"embeddable":true,"href":"https:\/\/www.fuldaernachrichten.de\/index.php?rest_route=\/wp\/v2\/users\/1"}],"replies":[{"embeddable":true,"href":"https:\/\/www.fuldaernachrichten.de\/index.php?rest_route=%2Fwp%2Fv2%2Fcomments&post=138654"}],"version-history":[{"count":1,"href":"https:\/\/www.fuldaernachrichten.de\/index.php?rest_route=\/wp\/v2\/posts\/138654\/revisions"}],"predecessor-version":[{"id":138656,"href":"https:\/\/www.fuldaernachrichten.de\/index.php?rest_route=\/wp\/v2\/posts\/138654\/revisions\/138656"}],"wp:featuredmedia":[{"embeddable":true,"href":"https:\/\/www.fuldaernachrichten.de\/index.php?rest_route=\/wp\/v2\/media\/138655"}],"wp:attachment":[{"href":"https:\/\/www.fuldaernachrichten.de\/index.php?rest_route=%2Fwp%2Fv2%2Fmedia&parent=138654"}],"wp:term":[{"taxonomy":"category","embeddable":true,"href":"https:\/\/www.fuldaernachrichten.de\/index.php?rest_route=%2Fwp%2Fv2%2Fcategories&post=138654"},{"taxonomy":"post_tag","embeddable":true,"href":"https:\/\/www.fuldaernachrichten.de\/index.php?rest_route=%2Fwp%2Fv2%2Ftags&post=138654"}],"curies":[{"name":"wp","href":"https:\/\/api.w.org\/{rel}","templated":true}]}}