{"id":138649,"date":"2015-05-17T12:20:39","date_gmt":"2015-05-17T10:20:39","guid":{"rendered":"http:\/\/www.fuldaer-nachrichten.de\/?p=138649"},"modified":"2015-05-17T12:20:39","modified_gmt":"2015-05-17T10:20:39","slug":"klimaabgabe-auf-die-stromproduktion-sinnvoll-strelitz-und-jennemann-unterstu%cc%88tzen-bm-gabriel","status":"publish","type":"post","link":"https:\/\/www.fuldaernachrichten.de\/?p=138649","title":{"rendered":"Klimaabgabe auf die Stromproduktion sinnvoll Strelitz und Jennemann unterstu\u00cc\u02c6tzen BM Gabriel"},"content":{"rendered":"<p>Der Kreistagsabgeordnete Gu\u00cc\u02c6nter Strelitz und der Stadtverordnete Peter Jennemann begru\u00cc\u02c6\u00dfen in einer gemeinsamen Erkl\u00e4rung das Konzept des Bundeswirtschaftsministers Sigmar Gabriel, die Stromproduktion durch veraltete Kohlekraftwerke mit einer Klimaabgabe zu belasten.<\/p>\n<p>Bejaht man die vereinbarten Emissionsminderungsziele bis 2020, dann k\u00e4me man um eine Beurteilung der Emissionsausst\u00f6\u00dfe von Kraftwerken nicht umhin.<br \/>\n\u201eEs muss der Grundsatz gelten, dass die Stromerzeugung in Deutschland auf die umweltfreundlichste Art und Weise erfolgt\u201c, so beide Kommunalpolitiker u\u00cc\u02c6bereinstimmend.<br \/>\nDieser gesellschaftliche Konsens werde aber zur Zeit in keiner Weise eingehalten, ja sogar str\u00e4flich missachtet.<\/p>\n<p>\u201eWenn auf der einen Seite veraltete Braunkohlekraftwerke als \u201eCO2 -Dreckschleudern\u201c \u201ebilligen\u201c Strom produzieren, w\u00e4hrend moderne, hocheffiziente Kraftwerke zur \u201eKaltreserve\u201c degradieren, dann ist das umweltpolitisch nicht zu verantworten\u201c, so Strelitz und Jennemann.<br \/>\nGerade viele Stadtwerke aus allen Regionen in Deutschland haben sich die umweltfreundliche Erzeugung von Strom auf die Fahnen geschrieben und sich an Gas- und Kohlekraftwerken der neuesten Art beteiligt. Diese hoch effizienten Kraftwerke haben hohe Investitionen zur Folge gehabt. Ein Konkurrieren mit Braunkohlekraftwerken, die bereits abgeschrieben keine weiteren Investitionen fordern, ist schwerlich m\u00f6glich.<\/p>\n<p>Jennemann und Strelitz begru\u00cc\u02c6\u00dfen ausdru\u00cc\u02c6cklich, dass BM Gabriel ein \u201eausformuliertes \u00f6konomisches Gutachten\u201c vorlegen wird, das auch kl\u00e4ren soll, wie die Umsetzung sozial vertr\u00e4glich gestaltet werden kann.<br \/>\nWir brauchen neben den verschiedenen regenerativen Energieerzeugern als \u00dcberbru\u00cc\u02c6ckungstechnologie fu\u00cc\u02c6r die n\u00e4chsten Jahrzehnte konventionelle Kraftwerke.<br \/>\nAus gesellschaftspolitischer und umweltpolitischer Sicht k\u00f6nnen diesen Beitrag nur Kraftwerke mit hohen Wirkungsgraden bei geringsten Emissionen leisten.<br \/>\n\u201eWir sehen den Bundeswirtschaftsminister auf dem richtigen Weg und fordern ihn hiermit auf, diesen Umbau der Energieerzeugung von Strom voranzutreiben\u201c, so beide SPD-Kommunalpolitiker abschlie\u00dfend.<\/p>\n","protected":false},"excerpt":{"rendered":"<div class=\"tmnf_excerpt\"><p>Der Kreistagsabgeordnete Gu\u00cc\u02c6nter Strelitz und der Stadtverordnete Peter Jennemann begru\u00cc\u02c6\u00dfen in einer gemeinsamen Erkl\u00e4rung das Konzept des Bundeswirtschaftsministers Sigmar Gabriel, die Stromproduktion durch veraltete Kohlekraftwerke mit einer Klimaabgabe zu belasten. Bejaht man die vereinbarten Emissionsminderungsziele bis 2020, dann k\u00e4me man um eine Beurteilung der Emissionsausst\u00f6\u00dfe von Kraftwerken nicht umhin. \u201eEs muss der Grundsatz gelten, dass &hellip;<\/p>\n<\/div>","protected":false},"author":1,"featured_media":0,"comment_status":"closed","ping_status":"closed","sticky":false,"template":"","format":"standard","meta":{"footnotes":""},"categories":[1,29,52],"tags":[],"class_list":["post-138649","post","type-post","status-publish","format-standard","hentry","category-startseite","category-politik","category-umwelt"],"_links":{"self":[{"href":"https:\/\/www.fuldaernachrichten.de\/index.php?rest_route=\/wp\/v2\/posts\/138649","targetHints":{"allow":["GET"]}}],"collection":[{"href":"https:\/\/www.fuldaernachrichten.de\/index.php?rest_route=\/wp\/v2\/posts"}],"about":[{"href":"https:\/\/www.fuldaernachrichten.de\/index.php?rest_route=\/wp\/v2\/types\/post"}],"author":[{"embeddable":true,"href":"https:\/\/www.fuldaernachrichten.de\/index.php?rest_route=\/wp\/v2\/users\/1"}],"replies":[{"embeddable":true,"href":"https:\/\/www.fuldaernachrichten.de\/index.php?rest_route=%2Fwp%2Fv2%2Fcomments&post=138649"}],"version-history":[{"count":2,"href":"https:\/\/www.fuldaernachrichten.de\/index.php?rest_route=\/wp\/v2\/posts\/138649\/revisions"}],"predecessor-version":[{"id":138651,"href":"https:\/\/www.fuldaernachrichten.de\/index.php?rest_route=\/wp\/v2\/posts\/138649\/revisions\/138651"}],"wp:attachment":[{"href":"https:\/\/www.fuldaernachrichten.de\/index.php?rest_route=%2Fwp%2Fv2%2Fmedia&parent=138649"}],"wp:term":[{"taxonomy":"category","embeddable":true,"href":"https:\/\/www.fuldaernachrichten.de\/index.php?rest_route=%2Fwp%2Fv2%2Fcategories&post=138649"},{"taxonomy":"post_tag","embeddable":true,"href":"https:\/\/www.fuldaernachrichten.de\/index.php?rest_route=%2Fwp%2Fv2%2Ftags&post=138649"}],"curies":[{"name":"wp","href":"https:\/\/api.w.org\/{rel}","templated":true}]}}