{"id":138625,"date":"2015-05-15T21:06:50","date_gmt":"2015-05-15T19:06:50","guid":{"rendered":"http:\/\/www.fuldaer-nachrichten.de\/?p=138625"},"modified":"2015-05-15T21:06:50","modified_gmt":"2015-05-15T19:06:50","slug":"infos-ueber-freiwilligendienste-und-praktika-weltweit","status":"publish","type":"post","link":"https:\/\/www.fuldaernachrichten.de\/?p=138625","title":{"rendered":"Infos \u00fcber Freiwilligendienste und Praktika weltweit"},"content":{"rendered":"<p>Egal, ob Freiwilligenarbeit, Work &amp; Travel oder Praktikum &#8211; In 27 Ziell\u00e4ndern in Afrika, Asien, Nord-, Mittel- und S\u00fcdamerika, Ozeanien und Europa findet sich mit Sicherheit f\u00fcr jeden das passende Auslandsabenteuer.<\/p>\n<p>Informationen hierzu gibt es am Donnerstag, 28. Mai, von 15 bis 16 Uhr im Berufsinformationszentrum (BiZ) der Agentur f\u00fcr Arbeit in Fulda (Eingang Gambettagasse). Eine Anmeldung ist nicht erforderlich.<\/p>\n","protected":false},"excerpt":{"rendered":"<div class=\"tmnf_excerpt\"><p>Egal, ob Freiwilligenarbeit, Work &amp; Travel oder Praktikum &#8211; In 27 Ziell\u00e4ndern in Afrika, Asien, Nord-, Mittel- und S\u00fcdamerika, Ozeanien und Europa findet sich mit Sicherheit f\u00fcr jeden das passende Auslandsabenteuer. Informationen hierzu gibt es am Donnerstag, 28. Mai, von 15 bis 16 Uhr im Berufsinformationszentrum (BiZ) der Agentur f\u00fcr Arbeit in Fulda (Eingang Gambettagasse). &hellip;<\/p>\n<\/div>","protected":false},"author":1,"featured_media":0,"comment_status":"closed","ping_status":"closed","sticky":false,"template":"","format":"standard","meta":{"footnotes":""},"categories":[1,53],"tags":[],"class_list":["post-138625","post","type-post","status-publish","format-standard","hentry","category-startseite","category-bildung"],"_links":{"self":[{"href":"https:\/\/www.fuldaernachrichten.de\/index.php?rest_route=\/wp\/v2\/posts\/138625","targetHints":{"allow":["GET"]}}],"collection":[{"href":"https:\/\/www.fuldaernachrichten.de\/index.php?rest_route=\/wp\/v2\/posts"}],"about":[{"href":"https:\/\/www.fuldaernachrichten.de\/index.php?rest_route=\/wp\/v2\/types\/post"}],"author":[{"embeddable":true,"href":"https:\/\/www.fuldaernachrichten.de\/index.php?rest_route=\/wp\/v2\/users\/1"}],"replies":[{"embeddable":true,"href":"https:\/\/www.fuldaernachrichten.de\/index.php?rest_route=%2Fwp%2Fv2%2Fcomments&post=138625"}],"version-history":[{"count":1,"href":"https:\/\/www.fuldaernachrichten.de\/index.php?rest_route=\/wp\/v2\/posts\/138625\/revisions"}],"predecessor-version":[{"id":138626,"href":"https:\/\/www.fuldaernachrichten.de\/index.php?rest_route=\/wp\/v2\/posts\/138625\/revisions\/138626"}],"wp:attachment":[{"href":"https:\/\/www.fuldaernachrichten.de\/index.php?rest_route=%2Fwp%2Fv2%2Fmedia&parent=138625"}],"wp:term":[{"taxonomy":"category","embeddable":true,"href":"https:\/\/www.fuldaernachrichten.de\/index.php?rest_route=%2Fwp%2Fv2%2Fcategories&post=138625"},{"taxonomy":"post_tag","embeddable":true,"href":"https:\/\/www.fuldaernachrichten.de\/index.php?rest_route=%2Fwp%2Fv2%2Ftags&post=138625"}],"curies":[{"name":"wp","href":"https:\/\/api.w.org\/{rel}","templated":true}]}}