{"id":138618,"date":"2015-05-15T21:05:42","date_gmt":"2015-05-15T19:05:42","guid":{"rendered":"http:\/\/www.fuldaer-nachrichten.de\/?p=138618"},"modified":"2015-05-15T21:05:42","modified_gmt":"2015-05-15T19:05:42","slug":"landrat-erst-mit-der-neuen-koalition-geht-es-endlich-voran","status":"publish","type":"post","link":"https:\/\/www.fuldaernachrichten.de\/?p=138618","title":{"rendered":"Landrat: &#8220;Erst mit der neuen Koalition geht es endlich voran&#8221;"},"content":{"rendered":"<p>Landrat Manfred G\u00f6rig nimmt die Kreis-Koalition aus SPD, Gr\u00fcnen und Freien W\u00e4hlern gegen die Angriffe aus der CDU in Schutz: &#8220;Erst mit der neuen Koalition geht es endlich voran im Vogelsbergkreis.&#8221; F\u00fcr G\u00f6rig steht nach dem CDU-Kreisparteitag fest: &#8220;Die CDU kritisiert sich selbst. Denn alle Kritikpunkte &#8211; Breitband, \u00c4rztliche Versorgung und Wirtschaftsf\u00f6rderung &#8211; gehen auf die CDU-Unt\u00e4tigkeit in ihrer eigenen Regierungszeit zur\u00fcck.&#8221; G\u00f6rig bedauert: &#8220;Die neue CDU-F\u00fchrung hat keine Orientierung und keine klare Linie.&#8221;<\/p>\n<p>Beim wichtigen Thema Breitband sei nach Zwischenl\u00f6sungen mit Funkanbindung\u00c2\u00a0 und einer Studie bedauerlicherweise nicht weiter an der technisch hochwertigen Glasfaserl\u00f6sung gearbeitet worden.\u00c2\u00a0 &#8220;Dadurch wurden mehr als drei Jahre verschenkt&#8221;, kritisiert der Landrat. Erst im Jahr 2012 habe die neue Kreisregierung mit neuem Landrat der Aufgabe oberste erste Priorit\u00e4t einger\u00e4umt. Deutlich forciert wurde das Regionalprojekt durch die \u00dcbernahme der Gesch\u00e4ftsf\u00fchrung in der BIGO im Oktober 2013 durch Manfred G\u00f6rig. &#8220;Wir liegen im Zeitplan: Der Baubeginn wird 2016 sein.&#8221;<\/p>\n<p>Erst seit 2012 werde die Sicherung der gesundheitlichen Versorgung als ein echter Bereich der Daseinsvorsorge verstanden &#8211; dies nicht zuletzt auch wegen der Herausforderungen, die mit dem demografischen Wandel verbunden sind. Der Vogelsbergkreis habe dazu vielf\u00e4ltige Aktivit\u00e4ten ergriffen, die unter dem Stichwort &#8220;Sicherstellung der gesundheitlichen Versorgung&#8221; zusammengefasst werden k\u00f6nnen. So leiste die 2013 vom Landrat geschaffene Fachstelle Gesundheitliche Versorgung&#8221; Koordination, Vernetzung, und sehr gute konzeptionelle Arbeit. Die Vernetzung mit Wiesbaden, Hochschulen (Marburg, Gie\u00dfen, Frankfurt), \u00c4rztevereinigungen und dem Familienb\u00fcndnis bezeichnet G\u00f6rig als &#8220;hervorragend&#8221;. Dies treffe auch auf die enge Zusammenarbeit mit dem unabh\u00e4ngig beratenden Pflegest\u00fctzpunkt in der Kreisverwaltung zu.<\/p>\n<p>Ein Aus- und Weiterbildungspakt sorge strategisch f\u00fcr Nachwuchsf\u00f6rderung und Nachwuchsbindung mit dem Ziel der Gewinnung junger, motivierter Mediziner f\u00fcr den Vogelsbergkreis. Das Paket setzt an verschiedenen zeitlichen Horizonten an (Abitur, Medizinstudium, Weiterbildung) und bietet f\u00fcr jeden Anschnitt ein Angebot im Vogelsbergkreis (z.B. Blockpraktikum &#8211; aktuell 12 Studierende der Universit\u00e4t Marburg im M\u00e4rz Vogelsbergkreis; Abitur: j\u00e4hrlich Kontaktaufnahme zu den Schulen, um die Abiturienten zu identifizieren, die Medizin studieren wollen). Der Weiterbildungsverbund des Vogelsbergkreises f\u00fcr Allgemeinmedizin, gegr\u00fcndet 2013, sei gut etabliert, mit zurzeit sechs Weiterbildungsassistenten im Verbund.<\/p>\n<p>Mit dem Aufbau der &#8220;Gesundheitsregion Vogelsberg&#8221; werden alle Ma\u00dfnahmen zusammengebunden. Aufbauend auf dem MORO-Prozess, dem Arbeitskreis \u00c4rztliche Versorgung, der Arbeit der Fachstelle, der Arbeit im B\u00fcndnis f\u00fcr Familie werde eine Struktur aufgebaut, die die verschiedenen Initiativen b\u00fcndelt und verstetigt. Im Projekt &#8220;Gutes Leben mit Demenz im Vogelsbergkreis&#8221; existiere eine &#8220;hervorragende Zusammenarbeit&#8221; mit der Hochschule Fulda, Fachbereich Pflege und Gesundheit (Prof. Dr. Bleses). Im Bereich der Pflegerischen Versorgung wird gemeinsam mit dem B\u00fcndnis f\u00fcr Familie ein Ratgeber erstellt, der potentiellen Pflegekr\u00e4ften Wege und M\u00f6glichkeiten der Ausbildung zur Pflegefachkraft im Vogelsbergkreis aufzeigt. Demn\u00e4chst werden in einer Gesundheitskonferenz die Ma\u00dfnahmen und Erkenntnisse regional breit aufgestellt zusammengef\u00fchrt, berichtet der Landrat.<\/p>\n<p>Besonders das Thema Wirtschaftsf\u00f6rderung m\u00fcsse die CDU eigentlich zu bescheidener Zur\u00fcckhaltung veranlassen: Denn es sei die CDU gewesen, die eine Stammkapitalerh\u00f6hung und Erh\u00f6hung der Finanzmittel durch den Vogelsbergkreis f\u00fcr die Wirtschaftsf\u00f6rderung abgelehnt habe. Gl\u00fccklicherweise seien die Banken, die Wirtschaft und die Kommunen anderer Meinung gewesen und h\u00e4tten die\u00c2\u00a0 Vogelsberg Consult in die Lage versetzt, regional im Interesse der Wirtschaft und der Arbeitspl\u00e4tze t\u00e4tig zu werden. Unverzichtbare Koordinierungsarbeit f\u00fcr neue LEADER-F\u00f6rderphase bis 2020 habe so von der Vogelsberg Consult geleistet werden k\u00f6nnen. Dar\u00fcber hinaus konnten die Themen Fachkr\u00e4ftesicherung und Beratung heimischer Unternehmen und Existenzgr\u00fcnderf\u00f6rderung ausgebaut werden.<br \/>\n&#8220;Die Koalition aus SPD, Gr\u00fcnen und Freien W\u00e4hlern steht f\u00fcr Fortschritt und f\u00fcrs Anpacken der Probleme in der Region&#8221;, zeigt sich Landrat G\u00f6rig \u00fcberzeugt. W\u00e4hrenddessen habe die CDU und ihre neue F\u00fchrung ihre Rolle noch immer nicht gefunden. &#8220;Es kommen weder brauchbare Vorschl\u00e4ge und schon gar nicht eigene Ideen f\u00fcr die Zukunft des Kreises.&#8221; Das sei zu wenig, um bei der Kommunalwahl zu bestehen und noch weit entfernt von der M\u00f6glichkeit, Verantwortung f\u00fcr unsere Zukunft zu \u00fcbernehmen. &#8220;Ich fordere die CDU auf zu sachlicher konstruktiver Arbeit zum Wohle der Menschen im Vogelsberg&#8221;, so G\u00f6rig abschlie\u00dfend.<\/p>\n","protected":false},"excerpt":{"rendered":"<div class=\"tmnf_excerpt\"><p>Landrat Manfred G\u00f6rig nimmt die Kreis-Koalition aus SPD, Gr\u00fcnen und Freien W\u00e4hlern gegen die Angriffe aus der CDU in Schutz: &#8220;Erst mit der neuen Koalition geht es endlich voran im Vogelsbergkreis.&#8221; F\u00fcr G\u00f6rig steht nach dem CDU-Kreisparteitag fest: &#8220;Die CDU kritisiert sich selbst. Denn alle Kritikpunkte &#8211; Breitband, \u00c4rztliche Versorgung und Wirtschaftsf\u00f6rderung &#8211; gehen auf &hellip;<\/p>\n<\/div>","protected":false},"author":1,"featured_media":0,"comment_status":"closed","ping_status":"closed","sticky":false,"template":"","format":"standard","meta":{"footnotes":""},"categories":[1],"tags":[],"class_list":["post-138618","post","type-post","status-publish","format-standard","hentry","category-startseite"],"_links":{"self":[{"href":"https:\/\/www.fuldaernachrichten.de\/index.php?rest_route=\/wp\/v2\/posts\/138618","targetHints":{"allow":["GET"]}}],"collection":[{"href":"https:\/\/www.fuldaernachrichten.de\/index.php?rest_route=\/wp\/v2\/posts"}],"about":[{"href":"https:\/\/www.fuldaernachrichten.de\/index.php?rest_route=\/wp\/v2\/types\/post"}],"author":[{"embeddable":true,"href":"https:\/\/www.fuldaernachrichten.de\/index.php?rest_route=\/wp\/v2\/users\/1"}],"replies":[{"embeddable":true,"href":"https:\/\/www.fuldaernachrichten.de\/index.php?rest_route=%2Fwp%2Fv2%2Fcomments&post=138618"}],"version-history":[{"count":1,"href":"https:\/\/www.fuldaernachrichten.de\/index.php?rest_route=\/wp\/v2\/posts\/138618\/revisions"}],"predecessor-version":[{"id":138621,"href":"https:\/\/www.fuldaernachrichten.de\/index.php?rest_route=\/wp\/v2\/posts\/138618\/revisions\/138621"}],"wp:attachment":[{"href":"https:\/\/www.fuldaernachrichten.de\/index.php?rest_route=%2Fwp%2Fv2%2Fmedia&parent=138618"}],"wp:term":[{"taxonomy":"category","embeddable":true,"href":"https:\/\/www.fuldaernachrichten.de\/index.php?rest_route=%2Fwp%2Fv2%2Fcategories&post=138618"},{"taxonomy":"post_tag","embeddable":true,"href":"https:\/\/www.fuldaernachrichten.de\/index.php?rest_route=%2Fwp%2Fv2%2Ftags&post=138618"}],"curies":[{"name":"wp","href":"https:\/\/api.w.org\/{rel}","templated":true}]}}