{"id":138600,"date":"2015-05-14T20:34:42","date_gmt":"2015-05-14T18:34:42","guid":{"rendered":"http:\/\/www.fuldaer-nachrichten.de\/?p=138600"},"modified":"2015-05-14T20:34:42","modified_gmt":"2015-05-14T18:34:42","slug":"hr3-fan-elf-hoerermannschaft-spielt-gegen-eintracht-allstars","status":"publish","type":"post","link":"https:\/\/www.fuldaernachrichten.de\/?p=138600","title":{"rendered":"\u201ehr3 Fan Elf\u201c: H\u00f6rermannschaft spielt gegen Eintracht-Allstars"},"content":{"rendered":"<p>Am Samstag, 23. Mai, tritt eine Auswahl von hr3-H\u00f6rern als \u201ehr3 Fan Elf\u201c gegen die \u201eEintracht Allstars&#8221; an, mit ehemaligen Profis wie Ralf Weber, Norbert Nachtweih, Thomas Zampach, Slobodan Komljenovic, Cezary Tobollik, Thomas Sobotzik oder auch Andree Wiedener.<\/p>\n<p>Im Tor der hr3 Fan Elf steht in diesem Jahr Andreas Welle aus Petersberg. Der 32-J\u00e4hrige freut sich auf das Spiel: \u201eEs ist eine Riesenehre, aus der Vielzahl an Bewerbern ausgesucht worden zu sein und den Hessischen Rundfunk zu vertreten. Dar\u00fcber hinaus tr\u00e4umt wahrscheinlich jeder Fu\u00dfballer von einem Spiel gegen seine fr\u00fcheren oder aktuellen Idole! Und ich bekomme jetzt die Chance, diesen Traum wahr werden zu lassen.\u201c Warum er sich beworben hat? \u201eIch wollte die Chance ergreifen, und hielt die eingesetzten f\u00fcnf Minuten f\u00fcr die Bewerbung in Relation zum m\u00f6glichen Gewinn f\u00fcr eine gute Investition. Im Nachgang betrachtet war es die geilste Idee seit langem\u201c, lacht Andreas.<\/p>\n<p>Andreas \u00fcber die Siegchancen gegen die Eintracht-Allstars: Spiel des Lebens<br \/>\n\u201eIch denke, dass wir technisch keine Chance haben werden gegen die alten Hasen (alt nur im Bezug auf die Fu\u00dfballerfahrung) und aus diesem Grund d\u00fcrfen wir uns nicht im Tikki-Takka verlieren. Wir werden mehr Leidenschaft auf den Platz bringen als die Allstars, da es f\u00fcr alle von uns das Spiel des Lebens und f\u00fcr die Allstars nur eines von vielen Spielen ist und diese Leidenschaft m\u00fcssen wir in Laufbereitschaft umm\u00fcnzen und die wenigen Chancen nutzen. Dann haben wir eine Chance!\u201c<\/p>\n<p>Gewinn-Tipp? \u201e2:0 f\u00fcr die hr3 Fan Elf.\u201c<\/p>\n<p>Trainerlegende Dragoslav \u201eStepi\u201c Stepanovic macht \u201ehr3 Fan Elf\u201c fit:<br \/>\nIn diesem Jahr trainiert die \u201ehr3 Fan Elf\u201c mit Dragoslav Stepanovic. In den letzten Jahren wurde die \u201ehr3 Fan Elf\u201c unter anderem trainiert von Dieter M\u00fcller (Ex-Nationalspieler), Steffi Jones (Ex-Nationalspielerin, ab 2016 Trainerin der Fu\u00dfballnationalmannschaft der Frauen), Peter Fischer (Pr\u00e4sident von Eintracht Frankfurt), Andree Wiedener (Ex-Eintracht-Profi) und Istv\u00e1n Sztani (Ex-Eintracht-Profi, Deutscher Meister 1959).<\/p>\n<p>Spiel: \u201ehr3 Fan Elf\u201c vs. \u201eEintracht Allstars\u201c: Samstag, 23.5., 11.30 Uhr, auf dem Gel\u00e4nde der Commerzbank-Arena<\/p>\n","protected":false},"excerpt":{"rendered":"<div class=\"tmnf_excerpt\"><p>Am Samstag, 23. Mai, tritt eine Auswahl von hr3-H\u00f6rern als \u201ehr3 Fan Elf\u201c gegen die \u201eEintracht Allstars&#8221; an, mit ehemaligen Profis wie Ralf Weber, Norbert Nachtweih, Thomas Zampach, Slobodan Komljenovic, Cezary Tobollik, Thomas Sobotzik oder auch Andree Wiedener. Im Tor der hr3 Fan Elf steht in diesem Jahr Andreas Welle aus Petersberg. Der 32-J\u00e4hrige freut &hellip;<\/p>\n<\/div>","protected":false},"author":1,"featured_media":138602,"comment_status":"closed","ping_status":"closed","sticky":false,"template":"","format":"standard","meta":{"footnotes":""},"categories":[1,46],"tags":[],"class_list":["post-138600","post","type-post","status-publish","format-standard","has-post-thumbnail","hentry","category-startseite","category-sport"],"_links":{"self":[{"href":"https:\/\/www.fuldaernachrichten.de\/index.php?rest_route=\/wp\/v2\/posts\/138600","targetHints":{"allow":["GET"]}}],"collection":[{"href":"https:\/\/www.fuldaernachrichten.de\/index.php?rest_route=\/wp\/v2\/posts"}],"about":[{"href":"https:\/\/www.fuldaernachrichten.de\/index.php?rest_route=\/wp\/v2\/types\/post"}],"author":[{"embeddable":true,"href":"https:\/\/www.fuldaernachrichten.de\/index.php?rest_route=\/wp\/v2\/users\/1"}],"replies":[{"embeddable":true,"href":"https:\/\/www.fuldaernachrichten.de\/index.php?rest_route=%2Fwp%2Fv2%2Fcomments&post=138600"}],"version-history":[{"count":1,"href":"https:\/\/www.fuldaernachrichten.de\/index.php?rest_route=\/wp\/v2\/posts\/138600\/revisions"}],"predecessor-version":[{"id":138603,"href":"https:\/\/www.fuldaernachrichten.de\/index.php?rest_route=\/wp\/v2\/posts\/138600\/revisions\/138603"}],"wp:featuredmedia":[{"embeddable":true,"href":"https:\/\/www.fuldaernachrichten.de\/index.php?rest_route=\/wp\/v2\/media\/138602"}],"wp:attachment":[{"href":"https:\/\/www.fuldaernachrichten.de\/index.php?rest_route=%2Fwp%2Fv2%2Fmedia&parent=138600"}],"wp:term":[{"taxonomy":"category","embeddable":true,"href":"https:\/\/www.fuldaernachrichten.de\/index.php?rest_route=%2Fwp%2Fv2%2Fcategories&post=138600"},{"taxonomy":"post_tag","embeddable":true,"href":"https:\/\/www.fuldaernachrichten.de\/index.php?rest_route=%2Fwp%2Fv2%2Ftags&post=138600"}],"curies":[{"name":"wp","href":"https:\/\/api.w.org\/{rel}","templated":true}]}}