{"id":138596,"date":"2015-05-14T20:34:03","date_gmt":"2015-05-14T18:34:03","guid":{"rendered":"http:\/\/www.fuldaer-nachrichten.de\/?p=138596"},"modified":"2015-05-14T20:34:03","modified_gmt":"2015-05-14T18:34:03","slug":"das-fuerstliche-gartenfest-die-wunderbare-welt-der-lieblingsplaetze","status":"publish","type":"post","link":"https:\/\/www.fuldaernachrichten.de\/?p=138596","title":{"rendered":"Das F\u00fcrstliche Gartenfest: Die wunderbare Welt der Lieblingspl\u00e4tze"},"content":{"rendered":"<p><a href=\"http:\/\/www.fuldaer-nachrichten.de\/wp-content\/uploads\/2015\/05\/PM-14.5.15-Lieblingsplatz-Vesica-Schloss-Fasanerie.jpg\"><img decoding=\"async\" class=\"alignleft size-thumbnail wp-image-138598\" src=\"http:\/\/www.fuldaer-nachrichten.de\/wp-content\/uploads\/2015\/05\/PM-14.5.15-Lieblingsplatz-Vesica-Schloss-Fasanerie-265x177.jpg\" alt=\"PM 14.5.15 Lieblingsplatz Vesica - Schloss Fasanerie\" width=\"265\" height=\"177\" srcset=\"https:\/\/www.fuldaernachrichten.de\/wp-content\/uploads\/2015\/05\/PM-14.5.15-Lieblingsplatz-Vesica-Schloss-Fasanerie-265x177.jpg 265w, https:\/\/www.fuldaernachrichten.de\/wp-content\/uploads\/2015\/05\/PM-14.5.15-Lieblingsplatz-Vesica-Schloss-Fasanerie-600x400.jpg 600w, https:\/\/www.fuldaernachrichten.de\/wp-content\/uploads\/2015\/05\/PM-14.5.15-Lieblingsplatz-Vesica-Schloss-Fasanerie.jpg 900w\" sizes=\"(max-width: 265px) 100vw, 265px\" \/><\/a>Wie facettenreich und spannend das Thema Mensch und Garten ist, beweist das<br \/>\nFu\u00cc\u02c6rstliche Gartenfest Schloss Fasanerie (Eichenzell bei Fulda) mit seiner internationalen<br \/>\nVerkaufsausstellung und dem wechselnden Sonderthema jedes Jahr aufs Neue. Und so steht in<br \/>\ndiesem Jahr vom 22. bis 25. Mai ein ganz spezieller Ort im Mittelpunkt des Geschehens: der<br \/>\nLieblingsplatz im eigenen Garten!<\/p>\n<p>Dass dieser Raum des Wohlgefu\u00cc\u02c6hls, den man besonders gerne aufsucht, um dort zu verweilen und<br \/>\nKraft zu tanken, nicht unbedingt zuf\u00e4llig entsteht, und dass Kreativit\u00e4t und Knowhow die fruchtbare<br \/>\nGrundlage dafu\u00cc\u02c6r sind, zeigen namhafte Profis der Gartengestaltung mit ihren Vortr\u00e4gen \u2013 und<br \/>\nnatu\u00cc\u02c6rlich der siegreiche Entwurf des Schaugartenwettbewerbs.<\/p>\n<p>Petra Hirsch, Gartenplanerin aus Niedernhausen, bringt \u00e2\u20ac\u0090 fachlich versiert \u00e2\u20ac\u0090 interessierte<br \/>\nGartenfreunde auf den Weg zum individuellen Lieblingsplatz. Mit ihrem Vortrag zur Gestaltung<br \/>\nstimmungsvoller Sitzpl\u00e4tze im Garten und dem Workshop \u201eSpurensuche Lieblingspl\u00e4tze\u201c, bei dem die<br \/>\nTeilnehmer im Park von Schloss Fasanerie Wissenswertes u\u00cc\u02c6ber die gekonnte Anlage von Wegen und<br \/>\nbesonderen Orten in G\u00e4rten und Parks erfahren, vermittelt sie jeweils praktisch anwendbares<br \/>\nBasiswissen.<\/p>\n<p>Sein Fachwissen stellt auch Tobias Mann zur Verfu\u00cc\u02c6gung. Mit seinen Entwu\u00cc\u02c6rfen fu\u00cc\u02c6r \u00f6ffentliche und<br \/>\nprivate G\u00e4rten gelingt es ihm h\u00f6chst erfolgreich, \u00e4sthetische Blickf\u00e4nge und Refugien der Ruhe zu<br \/>\nkreieren. Die Vielzahl der Auszeichnungen, die er fu\u00cc\u02c6r seine Entwu\u00cc\u02c6rfe erhielt, darunter der<br \/>\nArchitekturpreis der Bauhausstadt Dessau und der DGGL Garten\u00e2\u20ac\u0090Oskar 2014, sprechen fu\u00cc\u02c6r sich.<br \/>\nSpannende Beispiele seines von Reduktion und geometrischer Klarheit gepr\u00e4gten Stils stellt der<br \/>\nFuldaer Landschaftsarchitekt in seinem Vortrag anl\u00e4sslich des Fu\u00cc\u02c6rstlichen Gartenfests vor.<br \/>\nTroubleshooter in Sachen Lieblingsplatz ist Hildegunde Henrich. Sie wei\u00df Rat, wenn Gartenbesitzer in ihrem Garten nicht den &#8220;Wohlfu\u00cc\u02c6hl\u00e2\u20ac\u0090Ort&#8221; finden, den sie suchen. Die Landschaftsarchitektin mit<br \/>\nfundierten Kenntnissen der Geomantie und des Feng Shui arbeitet bei ihren Planungen nach<br \/>\nenergetischen Ans\u00e4tzen und zeigt in ihrem Vortrag Beispiele erfolgreich umgesetzter Projekte.<\/p>\n<p>Fast schon untertrieben ist das Pr\u00e4dikat \u201eerfolgreich\u201c fu\u00cc\u02c6r das internationale Aufsehen, das Micky<br \/>\nRemann mit seinen Weidenbauten erregt. Mit dem 1998 erbauten \u2013 besser gesagt erpflanzten \u2013<br \/>\nAuerworldpalast im thu\u00cc\u02c6ringischen Auerstedt legte der Professor der Bauhaus\u00e2\u20ac\u0090Universit\u00e4t Weimar<br \/>\nzusammen mit dem Architekten Marcel Kalberer den Grundstein fu\u00cc\u02c6r diese neue Architekturgattung.<br \/>\nIn seinem Vortrag stellt er faszinierende Beispiele der inzwischen weltweiten Weidenbaukunst vor.<br \/>\nPraktische Beispiele fu\u00cc\u02c6r Lieblingsplatzideen im fu\u00cc\u02c6rstlichen Rahmen sind drei gartenfesteigene<br \/>\nProjekte. Zu einem besinnlichen Moment auf dem Gartenfestrundgang l\u00e4dt die Vesica am Obstgarten<br \/>\nein, wo die gemauerten und mit Stauden bepflanzten Hochbeete mit einzelnen Sitznischen<br \/>\nLieblingsplatzflair zaubern.<\/p>\n<p>Im Obstgarten selbst findet sich eine weitere Oase der Ruhe: Der vor drei Jahren von der Frankfurter<br \/>\nGartenarchitektin Ute Wittich angelegte Mustergarten an der Mauer des Obstgartens, an der,<br \/>\nentlang des purpurfarbenen Stegs, eine reizvolle Ton\u00e2\u20ac\u0090in\u00e2\u20ac\u0090 Ton\u00e2\u20ac\u0090Bepflanzung mit Allium, Rosen und<br \/>\nClematis von Jahr zu Jahr u\u00cc\u02c6ppiger blu\u00cc\u02c6ht.<\/p>\n<p>Kein Lieblingsplatz als solcher ist der Landschaftspark von Schloss Fasanerie. Er ist vielmehr ein Ort<br \/>\nder Lieblingspl\u00e4tze. Auf seiner Fl\u00e4che von rund 100 Hektar lassen sich viele besonders sch\u00f6ne Orte<br \/>\nausmachen. Ob an den kunstvoll angelegten Seen, unter Baumgruppen, entlang der Alleen oder an<br \/>\neinem der Pavillons \u2013 u\u00cc\u02c6berall finden die Augen Halt und die Seele Ruhe.<\/p>\n<p>In aller Seelenruhe kann man u\u00cc\u02c6brigens auch den Weg zum Fu\u00cc\u02c6rstlichen Gartenfest genie\u00dfen. Die<br \/>\nMercedes\u00e2\u20ac\u0090Benz Niederlassung Fulda bietet Gartenfestbesuchern einen kostenlosen Shuttleservice<br \/>\naus der Stadt zum Schloss Fasanerie. So erreicht man sein Ziel entspannt und kann sich dabei noch<br \/>\nvon den Vorzu\u00cc\u02c6gen der Mercedes\u00e2\u20ac\u0090Benz Modelle Citan, Vito und V\u00e2\u20ac\u0090Klasse u\u00cc\u02c6berzeugen. Die haben, Dank des variablen und ger\u00e4umigen Innenraums, einiges zu bieten und eignen sich besonders gut fu\u00cc\u02c6r den Platzbedarf von Familien, Sportbegeisterten und Hobbyg\u00e4rtnern \u2013 und fu\u00cc\u02c6r die Reise in die<br \/>\nwunderbare Welt der Lieblingspl\u00e4tze.<\/p>\n<p>An folgenden Haltestellen haben die Besucher die M\u00f6glichkeit zu\u00e2\u20ac\u0090 und auszusteigen.<\/p>\n<ul>\n<li>Mercedes\u00e2\u20ac\u0090Benz Niederlassung Fulda<\/li>\n<li>ZOB, Bahnhof Fulda<\/li>\n<li>Am Kreisel in Bronnzell \u2013 Fasaneriestra\u00dfe<\/li>\n<li>Schloss Fasanerie<\/li>\n<\/ul>\n","protected":false},"excerpt":{"rendered":"<div class=\"tmnf_excerpt\"><p>Wie facettenreich und spannend das Thema Mensch und Garten ist, beweist das Fu\u00cc\u02c6rstliche Gartenfest Schloss Fasanerie (Eichenzell bei Fulda) mit seiner internationalen Verkaufsausstellung und dem wechselnden Sonderthema jedes Jahr aufs Neue. Und so steht in diesem Jahr vom 22. bis 25. Mai ein ganz spezieller Ort im Mittelpunkt des Geschehens: der Lieblingsplatz im eigenen Garten! &hellip;<\/p>\n<\/div>","protected":false},"author":1,"featured_media":138597,"comment_status":"closed","ping_status":"closed","sticky":false,"template":"","format":"standard","meta":{"footnotes":""},"categories":[1],"tags":[],"class_list":["post-138596","post","type-post","status-publish","format-standard","has-post-thumbnail","hentry","category-startseite"],"_links":{"self":[{"href":"https:\/\/www.fuldaernachrichten.de\/index.php?rest_route=\/wp\/v2\/posts\/138596","targetHints":{"allow":["GET"]}}],"collection":[{"href":"https:\/\/www.fuldaernachrichten.de\/index.php?rest_route=\/wp\/v2\/posts"}],"about":[{"href":"https:\/\/www.fuldaernachrichten.de\/index.php?rest_route=\/wp\/v2\/types\/post"}],"author":[{"embeddable":true,"href":"https:\/\/www.fuldaernachrichten.de\/index.php?rest_route=\/wp\/v2\/users\/1"}],"replies":[{"embeddable":true,"href":"https:\/\/www.fuldaernachrichten.de\/index.php?rest_route=%2Fwp%2Fv2%2Fcomments&post=138596"}],"version-history":[{"count":1,"href":"https:\/\/www.fuldaernachrichten.de\/index.php?rest_route=\/wp\/v2\/posts\/138596\/revisions"}],"predecessor-version":[{"id":138599,"href":"https:\/\/www.fuldaernachrichten.de\/index.php?rest_route=\/wp\/v2\/posts\/138596\/revisions\/138599"}],"wp:featuredmedia":[{"embeddable":true,"href":"https:\/\/www.fuldaernachrichten.de\/index.php?rest_route=\/wp\/v2\/media\/138597"}],"wp:attachment":[{"href":"https:\/\/www.fuldaernachrichten.de\/index.php?rest_route=%2Fwp%2Fv2%2Fmedia&parent=138596"}],"wp:term":[{"taxonomy":"category","embeddable":true,"href":"https:\/\/www.fuldaernachrichten.de\/index.php?rest_route=%2Fwp%2Fv2%2Fcategories&post=138596"},{"taxonomy":"post_tag","embeddable":true,"href":"https:\/\/www.fuldaernachrichten.de\/index.php?rest_route=%2Fwp%2Fv2%2Ftags&post=138596"}],"curies":[{"name":"wp","href":"https:\/\/api.w.org\/{rel}","templated":true}]}}