{"id":138589,"date":"2015-05-14T08:58:41","date_gmt":"2015-05-14T06:58:41","guid":{"rendered":"http:\/\/www.fuldaer-nachrichten.de\/?p=138589"},"modified":"2015-05-14T08:58:59","modified_gmt":"2015-05-14T06:58:59","slug":"kultur-trifft-kultmarke-bei-leica","status":"publish","type":"post","link":"https:\/\/www.fuldaernachrichten.de\/?p=138589","title":{"rendered":"Kultur trifft Kultmarke bei Leica"},"content":{"rendered":"<p><a href=\"http:\/\/www.fuldaer-nachrichten.de\/wp-content\/uploads\/2015\/05\/Kultur_trifft_Kult_Gina_Gaul.jpg\"><img decoding=\"async\" class=\"alignleft size-thumbnail wp-image-138591\" src=\"http:\/\/www.fuldaer-nachrichten.de\/wp-content\/uploads\/2015\/05\/Kultur_trifft_Kult_Gina_Gaul-265x177.jpg\" alt=\"Kultur_trifft_Kult_Gina_Gaul\" width=\"265\" height=\"177\" srcset=\"https:\/\/www.fuldaernachrichten.de\/wp-content\/uploads\/2015\/05\/Kultur_trifft_Kult_Gina_Gaul-265x177.jpg 265w, https:\/\/www.fuldaernachrichten.de\/wp-content\/uploads\/2015\/05\/Kultur_trifft_Kult_Gina_Gaul-600x400.jpg 600w, https:\/\/www.fuldaernachrichten.de\/wp-content\/uploads\/2015\/05\/Kultur_trifft_Kult_Gina_Gaul.jpg 900w\" sizes=\"(max-width: 265px) 100vw, 265px\" \/><\/a>\u201eFachlicher Dialog \u00fcber die Region\u201c wie in den Netzwerken des Mittelhessen e.V., das erg\u00e4nze sich gut mit einem \u201eAustausch an besonderen Orten\u201c, sagte Gie\u00dfens Regierungspr\u00e4sident und Vereinsvorsitzender Dr. Lars Witteck in der vergangenen Woche. Anlass war ein Treffen des Vereins beim Wetzlarer Traditionsunternehmen Leica Camera AG unter dem Motto \u201eKultur trifft Kultmarke\u201c am Donnerstagabend (7.5.15). Auf dem Programm stand unter anderem ein Kurzkonzert der mittelhessischen Fl\u00f6tistin Gina Gaul und der Sopranistin Samantha Gaul, das vom Intendanten des mittelhessischen Kultursommers, Frank Dauer, anmoderiert wurde.<\/p>\n<p>Neben den preisgekr\u00f6nten Geschwistern und Mittelhessen-Botschafterinnen gab es nat\u00fcrlich in der Wetzlarer \u201eLeica Welt\u201c viel Informatives zum Thema Leica und Fotografie zu h\u00f6ren: Leica-Finanzvorstand Ronald Marcel Peters erinnerte an die zahlreichen ikonografischen Bilder, die mit Kameras der Marke entstanden sind. Das neue Firmengeb\u00e4ude mit der \u00f6ffentlichen Lobby, seiner Ausstellung und Blickfenster in die aktuelle Produktion mache dies f\u00fcr die Kunden greifbar, erg\u00e4nzte Leica-COO (Chief Operating Officer) Markus Limberger.<\/p>\n<p>Fotograf Michael Agel berichtete aus eigener Erfahrung \u00fcber den \u201eMythos Leica\u201c \u2013 und auch \u00fcber die regionale Verwurzelung des Unternehmens: \u201eFast jeder in und um Wetzlar hat jemand aus der Leitz-Geschichte in der Familie.\u201c Ein weiteres Highlight des Abends war die Vorpremiere eines neuen Imagefilms f\u00fcr die Region Mittelhessen. Ein Come-together mit Gespr\u00e4chen rundete den Abend ab &#8211; ganz gem\u00e4\u00df dem Vereinsmotto \u201eIm Dialog zum Erfolg\u201c.<\/p>\n<p>Bildunterschriften\u00e2\u20ac\u00a8Kultur_trifft_Kult_Samantha_Gaul.jpg: Sopranistin Samantha Gaul beim Auftritt bei Leica\u00e2\u20ac\u00a8Kultur_trifft_Kult_Gina_Gaul.jpg: Fl\u00f6tistin Gina Gaul beim Kurzkonzert in der Leica-Lobby<\/p>\n<p>Das Regionalmanagement Mittelhessen st\u00e4rkt und vermarktet den Wirtschafts- und Hochschulstandort in der Mitte von Hessen. Der Schulterschluss aus Wirtschaft, Wissenschaft und Politik ist in den Themenfeldern Infrastruktur, Bildung und Fachkr\u00e4fte sowie Forschung und Innovation t\u00e4tig. In der Regionalmanagement Mittelhessen GmbH (RMG) haben sich 2013 alle Handwerkskammern, Hochschulen, Industrie- und Handelskammern, Landkreise und Oberzentren mit dem Verein Mittelhessen zusammen getan, um das seit 2003 bestehende Regionalmanagement weiter zu entwickeln, und Strategien f\u00fcr die Region zu planen und gemeinsam umzusetzen. Der Verein Mittelhessen ist ein Gesellschafter der RMG. Unter dem Vorsitz des Regierungspr\u00e4sidenten Dr. Lars Witteck bringen sich \u00fcber 150 Mitglieder in den regionalen Dialog ein, entwickeln Ideen und helfen bei der Umsetzung einer mittelhessischen Identit\u00e4t.Das Regionalmanagement wird von der Europ\u00e4ischen Union aus dem Europ\u00e4ischen Fonds.<\/p>\n","protected":false},"excerpt":{"rendered":"<div class=\"tmnf_excerpt\"><p>\u201eFachlicher Dialog \u00fcber die Region\u201c wie in den Netzwerken des Mittelhessen e.V., das erg\u00e4nze sich gut mit einem \u201eAustausch an besonderen Orten\u201c, sagte Gie\u00dfens Regierungspr\u00e4sident und Vereinsvorsitzender Dr. Lars Witteck in der vergangenen Woche. Anlass war ein Treffen des Vereins beim Wetzlarer Traditionsunternehmen Leica Camera AG unter dem Motto \u201eKultur trifft Kultmarke\u201c am Donnerstagabend (7.5.15). &hellip;<\/p>\n<\/div>","protected":false},"author":1,"featured_media":138590,"comment_status":"closed","ping_status":"closed","sticky":false,"template":"","format":"standard","meta":{"footnotes":""},"categories":[1],"tags":[],"class_list":["post-138589","post","type-post","status-publish","format-standard","has-post-thumbnail","hentry","category-startseite"],"_links":{"self":[{"href":"https:\/\/www.fuldaernachrichten.de\/index.php?rest_route=\/wp\/v2\/posts\/138589","targetHints":{"allow":["GET"]}}],"collection":[{"href":"https:\/\/www.fuldaernachrichten.de\/index.php?rest_route=\/wp\/v2\/posts"}],"about":[{"href":"https:\/\/www.fuldaernachrichten.de\/index.php?rest_route=\/wp\/v2\/types\/post"}],"author":[{"embeddable":true,"href":"https:\/\/www.fuldaernachrichten.de\/index.php?rest_route=\/wp\/v2\/users\/1"}],"replies":[{"embeddable":true,"href":"https:\/\/www.fuldaernachrichten.de\/index.php?rest_route=%2Fwp%2Fv2%2Fcomments&post=138589"}],"version-history":[{"count":2,"href":"https:\/\/www.fuldaernachrichten.de\/index.php?rest_route=\/wp\/v2\/posts\/138589\/revisions"}],"predecessor-version":[{"id":138593,"href":"https:\/\/www.fuldaernachrichten.de\/index.php?rest_route=\/wp\/v2\/posts\/138589\/revisions\/138593"}],"wp:featuredmedia":[{"embeddable":true,"href":"https:\/\/www.fuldaernachrichten.de\/index.php?rest_route=\/wp\/v2\/media\/138590"}],"wp:attachment":[{"href":"https:\/\/www.fuldaernachrichten.de\/index.php?rest_route=%2Fwp%2Fv2%2Fmedia&parent=138589"}],"wp:term":[{"taxonomy":"category","embeddable":true,"href":"https:\/\/www.fuldaernachrichten.de\/index.php?rest_route=%2Fwp%2Fv2%2Fcategories&post=138589"},{"taxonomy":"post_tag","embeddable":true,"href":"https:\/\/www.fuldaernachrichten.de\/index.php?rest_route=%2Fwp%2Fv2%2Ftags&post=138589"}],"curies":[{"name":"wp","href":"https:\/\/api.w.org\/{rel}","templated":true}]}}