{"id":138584,"date":"2015-05-13T15:51:59","date_gmt":"2015-05-13T13:51:59","guid":{"rendered":"http:\/\/www.fuldaer-nachrichten.de\/?p=138584"},"modified":"2015-05-13T15:52:11","modified_gmt":"2015-05-13T13:52:11","slug":"mit-der-kjg-fulda-in-die-ferienfreizeit","status":"publish","type":"post","link":"https:\/\/www.fuldaernachrichten.de\/?p=138584","title":{"rendered":"Mit der KjG Fulda in die Ferienfreizeit"},"content":{"rendered":"<p><a href=\"http:\/\/www.fuldaer-nachrichten.de\/wp-content\/uploads\/2015\/05\/Aktiv2.jpg\"><img fetchpriority=\"high\" decoding=\"async\" class=\"alignleft size-medium wp-image-138586\" src=\"http:\/\/www.fuldaer-nachrichten.de\/wp-content\/uploads\/2015\/05\/Aktiv2-265x199.jpg\" alt=\"Aktiv2\" width=\"265\" height=\"199\" srcset=\"https:\/\/www.fuldaernachrichten.de\/wp-content\/uploads\/2015\/05\/Aktiv2-265x199.jpg 265w, https:\/\/www.fuldaernachrichten.de\/wp-content\/uploads\/2015\/05\/Aktiv2-600x450.jpg 600w, https:\/\/www.fuldaernachrichten.de\/wp-content\/uploads\/2015\/05\/Aktiv2.jpg 900w\" sizes=\"(max-width: 265px) 100vw, 265px\" \/><\/a>In den diesj\u00e4hrigen Sommerferien bietet die Katholische junge Gemeinde Fulda (KjG) wieder mehrere Ferienfreizeiten und Zeltlager f\u00fcr Kinder und Jugendliche an, bei welchen noch Pl\u00e4tze frei sind. Die Vorbereitungen des ehrenamtlich gef\u00fchrten Kinder- und Jugendverbandes laufen derzeit schon auf Hochtouren.<\/p>\n<p>F\u00fcr Kinder von 8 bis 13 Jahren gibt es ein Zeltlager in der Rh\u00f6n bei Hilders vom 24.08. \u2013 02.09.2015 sowie am gleichen Ort ein Schnupper-Zeltlager f\u00fcr 7 \u2013 10 J\u00e4hrige vom 09. \u2013 13.08.2015. Daneben verspricht die Integrative Kinderfreizeit im Ludwig-Wolker-Haus bei Kleinsassen vom 08. \u2013 16.08.2015 ein einzigartiges Programm.<\/p>\n<p>F\u00fcr Jugendliche ab 13 Jahren geht es in diesem Sommer vom 15. \u2013 26.08.2015 nach Pahlen in Schleswig-Holstein mit der Integrativen Jugendfreizeit.<\/p>\n<p>Weitere Informationen und eine Auskunft \u00fcber die Teilnehmergeb\u00fchren gibt es unter www.kjg-fulda.de. Anmeldungen und R\u00fcckfragen bei der KjG Di\u00f6zesanstelle unter kjg@bistum-fulda.de oder Tel. 0661\/87462.<\/p>\n<p><a href=\"http:\/\/www.fuldaer-nachrichten.de\/wp-content\/uploads\/2015\/05\/Bildernachmittag-10-004.jpg\"><img decoding=\"async\" class=\"alignleft size-full wp-image-138587\" src=\"http:\/\/www.fuldaer-nachrichten.de\/wp-content\/uploads\/2015\/05\/Bildernachmittag-10-004.jpg\" alt=\"Bildernachmittag 10 (004)\" width=\"900\" height=\"675\" srcset=\"https:\/\/www.fuldaernachrichten.de\/wp-content\/uploads\/2015\/05\/Bildernachmittag-10-004.jpg 900w, https:\/\/www.fuldaernachrichten.de\/wp-content\/uploads\/2015\/05\/Bildernachmittag-10-004-265x199.jpg 265w, https:\/\/www.fuldaernachrichten.de\/wp-content\/uploads\/2015\/05\/Bildernachmittag-10-004-600x450.jpg 600w\" sizes=\"(max-width: 900px) 100vw, 900px\" \/><\/a><\/p>\n","protected":false},"excerpt":{"rendered":"<div class=\"tmnf_excerpt\"><p>In den diesj\u00e4hrigen Sommerferien bietet die Katholische junge Gemeinde Fulda (KjG) wieder mehrere Ferienfreizeiten und Zeltlager f\u00fcr Kinder und Jugendliche an, bei welchen noch Pl\u00e4tze frei sind. Die Vorbereitungen des ehrenamtlich gef\u00fchrten Kinder- und Jugendverbandes laufen derzeit schon auf Hochtouren. F\u00fcr Kinder von 8 bis 13 Jahren gibt es ein Zeltlager in der Rh\u00f6n bei &hellip;<\/p>\n<\/div>","protected":false},"author":1,"featured_media":138585,"comment_status":"closed","ping_status":"closed","sticky":false,"template":"","format":"standard","meta":{"footnotes":""},"categories":[1,72,50],"tags":[],"class_list":["post-138584","post","type-post","status-publish","format-standard","has-post-thumbnail","hentry","category-startseite","category-jugend","category-kirche"],"_links":{"self":[{"href":"https:\/\/www.fuldaernachrichten.de\/index.php?rest_route=\/wp\/v2\/posts\/138584","targetHints":{"allow":["GET"]}}],"collection":[{"href":"https:\/\/www.fuldaernachrichten.de\/index.php?rest_route=\/wp\/v2\/posts"}],"about":[{"href":"https:\/\/www.fuldaernachrichten.de\/index.php?rest_route=\/wp\/v2\/types\/post"}],"author":[{"embeddable":true,"href":"https:\/\/www.fuldaernachrichten.de\/index.php?rest_route=\/wp\/v2\/users\/1"}],"replies":[{"embeddable":true,"href":"https:\/\/www.fuldaernachrichten.de\/index.php?rest_route=%2Fwp%2Fv2%2Fcomments&post=138584"}],"version-history":[{"count":1,"href":"https:\/\/www.fuldaernachrichten.de\/index.php?rest_route=\/wp\/v2\/posts\/138584\/revisions"}],"predecessor-version":[{"id":138588,"href":"https:\/\/www.fuldaernachrichten.de\/index.php?rest_route=\/wp\/v2\/posts\/138584\/revisions\/138588"}],"wp:featuredmedia":[{"embeddable":true,"href":"https:\/\/www.fuldaernachrichten.de\/index.php?rest_route=\/wp\/v2\/media\/138585"}],"wp:attachment":[{"href":"https:\/\/www.fuldaernachrichten.de\/index.php?rest_route=%2Fwp%2Fv2%2Fmedia&parent=138584"}],"wp:term":[{"taxonomy":"category","embeddable":true,"href":"https:\/\/www.fuldaernachrichten.de\/index.php?rest_route=%2Fwp%2Fv2%2Fcategories&post=138584"},{"taxonomy":"post_tag","embeddable":true,"href":"https:\/\/www.fuldaernachrichten.de\/index.php?rest_route=%2Fwp%2Fv2%2Ftags&post=138584"}],"curies":[{"name":"wp","href":"https:\/\/api.w.org\/{rel}","templated":true}]}}