{"id":138579,"date":"2015-05-13T15:40:18","date_gmt":"2015-05-13T13:40:18","guid":{"rendered":"http:\/\/www.fuldaer-nachrichten.de\/?p=138579"},"modified":"2015-05-13T15:40:18","modified_gmt":"2015-05-13T13:40:18","slug":"freiwilligenarbeit-im-antoniusheim","status":"publish","type":"post","link":"https:\/\/www.fuldaernachrichten.de\/?p=138579","title":{"rendered":"Freiwilligenarbeit im Antoniusheim"},"content":{"rendered":"<p>Im Rahmen einer Informationsveranstaltung zum Thema \u201eFreiwilligenarbeit im Antoniusheim\u201c findet am Mittwoch, 20. Mai 2015 in der Zeit von 9.00h \u2013 12.00h eine F\u00fchrung\u00c2\u00a0 \u00fcber den Antonius-Hof in Fulda \u2013 Haimbach, Saturnstra\u00dfe 14, statt. Bei einem Rundgang \u00fcber das Gel\u00e4nde k\u00f6nnen Interessierte den Landwirten \u00fcber die Schulter schauen. Gleichzeitig\u00c2\u00a0 wird \u00fcber die vielf\u00e4ltigen Einsatzbereiche und M\u00f6glichkeiten des freiwilligen Engagements informiert. Treffpunkt ist am Kartoffelsch\u00e4lbetrieb. Anmeldungen bitte unter annette.auth@antoniusheim-fulda.de oder tel.: 0661\/1097-204<\/p>\n","protected":false},"excerpt":{"rendered":"<div class=\"tmnf_excerpt\"><p>Im Rahmen einer Informationsveranstaltung zum Thema \u201eFreiwilligenarbeit im Antoniusheim\u201c findet am Mittwoch, 20. Mai 2015 in der Zeit von 9.00h \u2013 12.00h eine F\u00fchrung\u00c2\u00a0 \u00fcber den Antonius-Hof in Fulda \u2013 Haimbach, Saturnstra\u00dfe 14, statt. Bei einem Rundgang \u00fcber das Gel\u00e4nde k\u00f6nnen Interessierte den Landwirten \u00fcber die Schulter schauen. Gleichzeitig\u00c2\u00a0 wird \u00fcber die vielf\u00e4ltigen Einsatzbereiche und &hellip;<\/p>\n<\/div>","protected":false},"author":1,"featured_media":0,"comment_status":"closed","ping_status":"closed","sticky":false,"template":"","format":"standard","meta":{"footnotes":""},"categories":[1],"tags":[],"class_list":["post-138579","post","type-post","status-publish","format-standard","hentry","category-startseite"],"_links":{"self":[{"href":"https:\/\/www.fuldaernachrichten.de\/index.php?rest_route=\/wp\/v2\/posts\/138579","targetHints":{"allow":["GET"]}}],"collection":[{"href":"https:\/\/www.fuldaernachrichten.de\/index.php?rest_route=\/wp\/v2\/posts"}],"about":[{"href":"https:\/\/www.fuldaernachrichten.de\/index.php?rest_route=\/wp\/v2\/types\/post"}],"author":[{"embeddable":true,"href":"https:\/\/www.fuldaernachrichten.de\/index.php?rest_route=\/wp\/v2\/users\/1"}],"replies":[{"embeddable":true,"href":"https:\/\/www.fuldaernachrichten.de\/index.php?rest_route=%2Fwp%2Fv2%2Fcomments&post=138579"}],"version-history":[{"count":1,"href":"https:\/\/www.fuldaernachrichten.de\/index.php?rest_route=\/wp\/v2\/posts\/138579\/revisions"}],"predecessor-version":[{"id":138580,"href":"https:\/\/www.fuldaernachrichten.de\/index.php?rest_route=\/wp\/v2\/posts\/138579\/revisions\/138580"}],"wp:attachment":[{"href":"https:\/\/www.fuldaernachrichten.de\/index.php?rest_route=%2Fwp%2Fv2%2Fmedia&parent=138579"}],"wp:term":[{"taxonomy":"category","embeddable":true,"href":"https:\/\/www.fuldaernachrichten.de\/index.php?rest_route=%2Fwp%2Fv2%2Fcategories&post=138579"},{"taxonomy":"post_tag","embeddable":true,"href":"https:\/\/www.fuldaernachrichten.de\/index.php?rest_route=%2Fwp%2Fv2%2Ftags&post=138579"}],"curies":[{"name":"wp","href":"https:\/\/api.w.org\/{rel}","templated":true}]}}