{"id":138575,"date":"2015-05-13T15:40:00","date_gmt":"2015-05-13T13:40:00","guid":{"rendered":"http:\/\/www.fuldaer-nachrichten.de\/?p=138575"},"modified":"2015-05-13T15:40:00","modified_gmt":"2015-05-13T13:40:00","slug":"juhu-endlich-juni-in-hilders","status":"publish","type":"post","link":"https:\/\/www.fuldaernachrichten.de\/?p=138575","title":{"rendered":"Juhu, endlich Juni in Hilders!"},"content":{"rendered":"<p><a href=\"http:\/\/www.fuldaer-nachrichten.de\/wp-content\/uploads\/2015\/05\/DSC_2427.jpg\"><img decoding=\"async\" class=\"alignleft size-medium wp-image-138577\" src=\"http:\/\/www.fuldaer-nachrichten.de\/wp-content\/uploads\/2015\/05\/DSC_2427-265x176.jpg\" alt=\"DSC_2427\" width=\"265\" height=\"176\" srcset=\"https:\/\/www.fuldaernachrichten.de\/wp-content\/uploads\/2015\/05\/DSC_2427-265x176.jpg 265w, https:\/\/www.fuldaernachrichten.de\/wp-content\/uploads\/2015\/05\/DSC_2427-600x399.jpg 600w, https:\/\/www.fuldaernachrichten.de\/wp-content\/uploads\/2015\/05\/DSC_2427.jpg 900w\" sizes=\"(max-width: 265px) 100vw, 265px\" \/><\/a>Die Farbpalette ist er\u00f6ffnet<br \/>\nDer Juni ist ein ganz besonderer Monat in Hilders. Es ist noch nicht hochsommerlich hei\u00df, die B\u00e4ume<br \/>\nstehen in vollem Saft und die Wiesen leuchten in einem herrlichen frischen Gru\u00cc\u02c6n. Auf den h\u00f6her<br \/>\ngelegenen Weiden ist an manchen Stellen sogar noch das Fru\u00cc\u02c6hjahr mit seinem reichen Blu\u00cc\u02c6tenflor in<br \/>\nvollem Gange und das leuchtende helle Lila des Wiesenkn\u00f6terich begleitet den Wanderer auf vielen<br \/>\nWegen. Dort kann es auch schon mal vorkommen, dass ein bunter K\u00e4fer quer u\u00cc\u02c6ber den Wanderweg<br \/>\nl\u00e4uft. Vielleicht ist es ja ein Marienk\u00e4fer?! Der kleine, rote, mit sieben schwarzen Punkten versehene<br \/>\nK\u00e4fer wird n\u00e4mlich bei uns in der Rh\u00f6n auch Junik\u00e4fer genannt. Folgt man dem kleinen<br \/>\nsympathischen Kerl, kann man sich genauso wie er an den vielen kleinen, nur scheinbar unwichtigen<br \/>\nDingen am Wegesrand erfreuen.<\/p>\n<p>Eine gute M\u00f6glichkeit, die Kr\u00e4uter-und Pflanzenwelt in der Gemeinde Hilders zu erkunden, besteht<br \/>\nauch darin, alle 14 Tage an unserer gefu\u00cc\u02c6hrten Wanderung mit einer zertifizierten G\u00e4stefu\u00cc\u02c6hrerin<br \/>\nteilzunehmen. Treffpunkt ist jeweils der Wanderparkplatz Milseburg. Von da aus geht es hinu\u00cc\u02c6ber zur<br \/>\nOberbernhardser H\u00f6he \u2013 ein Naturschutzgebiet mit seltenen Pflanzen, die man nur in der Rh\u00f6n<br \/>\nfindet. Gem\u00e4chlich kann man hier gleichzeitig die wundersch\u00f6ne Flora der Rh\u00f6n und eine<br \/>\nfachkundige Wanderung von ca. 2 \u2013 3 Stunden erleben. Die Termine sind im Juni am 9. und am 23.<br \/>\nJuni. Eine Anmeldung ist erforderlich. Weitere Informationen gibt es in der Tourist-Info Hilders, Tel.<br \/>\n06681\/960815 und www.hilders.de<\/p>\n<p>Feiern im \u201eMittsommer\u201c<br \/>\nEines der wichtigsten schwedischen Feste ist ja das Mittsommerfest! Zur Sommersonnenwende wird<br \/>\ndort einen ganzen Tag und eine ganze Nacht lang gefeiert. Solch ein Sonnwendfest gibt es bei uns in<br \/>\nHilders zwar nicht; aber auch bei uns wird im Juni kr\u00e4ftig gefeiert. Das k\u00f6nnen die Rh\u00f6ner n\u00e4mlich<br \/>\ngenauso gut wie die Schweden. Die Tage im Juni sind auch bei uns sehr lange hell, so dass das Feiern<br \/>\ngleich doppelt so viel Spa\u00df macht!<\/p>\n<p>Das erste der drei gro\u00dfen Ortsjubil\u00e4en der Gemeinde Hilders in diesem Jahr wird im Ortsteil Rupsroth<br \/>\ngefeiert. Vom 13. bis 15. Juni kommt das kleine Dorf mit nur ca. 150 Einwohnern ganz gro\u00df heraus<br \/>\nund feiert seinen 700. Geburtstag mit allem Drum und Dran. W\u00e4hrend der Samstag fu\u00cc\u02c6r geladene<br \/>\nG\u00e4ste vorbehalten ist, wartet der Sonntag mit tollen Aktionen rund um das Ortsjubil\u00e4um auf!<br \/>\nGestartet wird mit einem Festgottesdienst mit Glockenweihe, danach wird ein Mittagstisch mit<br \/>\nRh\u00f6ner Produkten und Spezialit\u00e4ten wie zum Beispiel frisch ged\u00e4mpfte Kartoffeln aus der<br \/>\nDampfmaschine mit Blutwurst und Schmand und frischer Zwibbelsploatz angeboten.<br \/>\nLamafu\u00cc\u02c6hrungen, eine Bu\u00cc\u02c6ffel-Show, Tierausstellungen, eine Oldtimerausstellung, durchg\u00e4ngige<br \/>\nBesichtigungen des Werksgel\u00e4ndes der Fa. FCN und musikalische Unterhaltung mit verschiedenen<br \/>\nMusikvereinen, eine gemu\u00cc\u02c6tliche Weinlaube und viele weitere Attraktionen runden das Angebot am<br \/>\nFestsonntag ab. Das musikalische Highlight am Sonntag ist der Auftritt der Musikformation<br \/>\nGrasmu\u00cc\u02c6cken mit dem Motto: \u201eMussik uis de Rh\u00f6\u00f6 mit Gieche, Platt und vill Gef\u00f6\u00f6hl\u201c. Das Jubil\u00e4um<br \/>\nwird am Montagabend mit einem deftigen Abendessen, sowie musikalischer Unterhaltung mit Harald<br \/>\nKirchner und seiner Tochter Marilena beschlossen.<\/p>\n<p>\u00dcbrigens ist Rupsroth direkt am Milseburgradweg gelegen und somit an den Festtagen auch sehr gut<br \/>\nmit dem Rad erreichbar.<\/p>\n","protected":false},"excerpt":{"rendered":"<div class=\"tmnf_excerpt\"><p>Die Farbpalette ist er\u00f6ffnet Der Juni ist ein ganz besonderer Monat in Hilders. Es ist noch nicht hochsommerlich hei\u00df, die B\u00e4ume stehen in vollem Saft und die Wiesen leuchten in einem herrlichen frischen Gru\u00cc\u02c6n. Auf den h\u00f6her gelegenen Weiden ist an manchen Stellen sogar noch das Fru\u00cc\u02c6hjahr mit seinem reichen Blu\u00cc\u02c6tenflor in vollem Gange und &hellip;<\/p>\n<\/div>","protected":false},"author":1,"featured_media":138576,"comment_status":"closed","ping_status":"closed","sticky":false,"template":"","format":"standard","meta":{"footnotes":""},"categories":[1,52],"tags":[],"class_list":["post-138575","post","type-post","status-publish","format-standard","has-post-thumbnail","hentry","category-startseite","category-umwelt"],"_links":{"self":[{"href":"https:\/\/www.fuldaernachrichten.de\/index.php?rest_route=\/wp\/v2\/posts\/138575","targetHints":{"allow":["GET"]}}],"collection":[{"href":"https:\/\/www.fuldaernachrichten.de\/index.php?rest_route=\/wp\/v2\/posts"}],"about":[{"href":"https:\/\/www.fuldaernachrichten.de\/index.php?rest_route=\/wp\/v2\/types\/post"}],"author":[{"embeddable":true,"href":"https:\/\/www.fuldaernachrichten.de\/index.php?rest_route=\/wp\/v2\/users\/1"}],"replies":[{"embeddable":true,"href":"https:\/\/www.fuldaernachrichten.de\/index.php?rest_route=%2Fwp%2Fv2%2Fcomments&post=138575"}],"version-history":[{"count":1,"href":"https:\/\/www.fuldaernachrichten.de\/index.php?rest_route=\/wp\/v2\/posts\/138575\/revisions"}],"predecessor-version":[{"id":138578,"href":"https:\/\/www.fuldaernachrichten.de\/index.php?rest_route=\/wp\/v2\/posts\/138575\/revisions\/138578"}],"wp:featuredmedia":[{"embeddable":true,"href":"https:\/\/www.fuldaernachrichten.de\/index.php?rest_route=\/wp\/v2\/media\/138576"}],"wp:attachment":[{"href":"https:\/\/www.fuldaernachrichten.de\/index.php?rest_route=%2Fwp%2Fv2%2Fmedia&parent=138575"}],"wp:term":[{"taxonomy":"category","embeddable":true,"href":"https:\/\/www.fuldaernachrichten.de\/index.php?rest_route=%2Fwp%2Fv2%2Fcategories&post=138575"},{"taxonomy":"post_tag","embeddable":true,"href":"https:\/\/www.fuldaernachrichten.de\/index.php?rest_route=%2Fwp%2Fv2%2Ftags&post=138575"}],"curies":[{"name":"wp","href":"https:\/\/api.w.org\/{rel}","templated":true}]}}