{"id":138573,"date":"2015-05-13T15:36:47","date_gmt":"2015-05-13T13:36:47","guid":{"rendered":"http:\/\/www.fuldaer-nachrichten.de\/?p=138573"},"modified":"2015-05-13T15:36:47","modified_gmt":"2015-05-13T13:36:47","slug":"awo-fahrt-zum-hessentag-noch-freie-plaetze","status":"publish","type":"post","link":"https:\/\/www.fuldaernachrichten.de\/?p=138573","title":{"rendered":"AWO \u2013 Fahrt zum Hessentag &#8212; noch freie Pl\u00e4tze!"},"content":{"rendered":"<p>Der AWO-Kreisverband Fulda bietet am 3. Juni 2015 eine Fahrt zum Hessentag nach Hofgeismar an. Hierf\u00fcr\u00c2\u00a0 gibt es noch freie Pl\u00e4tze.<\/p>\n<p>Abfahrt ist um\u00c2\u00a0 8.00 Uhr am ZOB Fulda, R\u00fcckankunft wird gegen 20.00 Uhr sein. Der ganze Tag steht zur freien Verf\u00fcgung.<\/p>\n<p>Anmeldungen unter Angabe von vollst\u00e4ndiger Adresse und Tel-Nr. bitte an AWO-Kreisverband Fulda unter Tel. 0661\/480045-0 oder Fax 0661\/480045-21 oder eMail an: elfi.kister@awo-fulda.de<\/p>\n","protected":false},"excerpt":{"rendered":"<div class=\"tmnf_excerpt\"><p>Der AWO-Kreisverband Fulda bietet am 3. Juni 2015 eine Fahrt zum Hessentag nach Hofgeismar an. Hierf\u00fcr\u00c2\u00a0 gibt es noch freie Pl\u00e4tze. Abfahrt ist um\u00c2\u00a0 8.00 Uhr am ZOB Fulda, R\u00fcckankunft wird gegen 20.00 Uhr sein. Der ganze Tag steht zur freien Verf\u00fcgung. Anmeldungen unter Angabe von vollst\u00e4ndiger Adresse und Tel-Nr. bitte an AWO-Kreisverband Fulda unter &hellip;<\/p>\n<\/div>","protected":false},"author":1,"featured_media":0,"comment_status":"closed","ping_status":"closed","sticky":false,"template":"","format":"standard","meta":{"footnotes":""},"categories":[1],"tags":[],"class_list":["post-138573","post","type-post","status-publish","format-standard","hentry","category-startseite"],"_links":{"self":[{"href":"https:\/\/www.fuldaernachrichten.de\/index.php?rest_route=\/wp\/v2\/posts\/138573","targetHints":{"allow":["GET"]}}],"collection":[{"href":"https:\/\/www.fuldaernachrichten.de\/index.php?rest_route=\/wp\/v2\/posts"}],"about":[{"href":"https:\/\/www.fuldaernachrichten.de\/index.php?rest_route=\/wp\/v2\/types\/post"}],"author":[{"embeddable":true,"href":"https:\/\/www.fuldaernachrichten.de\/index.php?rest_route=\/wp\/v2\/users\/1"}],"replies":[{"embeddable":true,"href":"https:\/\/www.fuldaernachrichten.de\/index.php?rest_route=%2Fwp%2Fv2%2Fcomments&post=138573"}],"version-history":[{"count":1,"href":"https:\/\/www.fuldaernachrichten.de\/index.php?rest_route=\/wp\/v2\/posts\/138573\/revisions"}],"predecessor-version":[{"id":138574,"href":"https:\/\/www.fuldaernachrichten.de\/index.php?rest_route=\/wp\/v2\/posts\/138573\/revisions\/138574"}],"wp:attachment":[{"href":"https:\/\/www.fuldaernachrichten.de\/index.php?rest_route=%2Fwp%2Fv2%2Fmedia&parent=138573"}],"wp:term":[{"taxonomy":"category","embeddable":true,"href":"https:\/\/www.fuldaernachrichten.de\/index.php?rest_route=%2Fwp%2Fv2%2Fcategories&post=138573"},{"taxonomy":"post_tag","embeddable":true,"href":"https:\/\/www.fuldaernachrichten.de\/index.php?rest_route=%2Fwp%2Fv2%2Ftags&post=138573"}],"curies":[{"name":"wp","href":"https:\/\/api.w.org\/{rel}","templated":true}]}}