{"id":138569,"date":"2015-05-13T15:35:57","date_gmt":"2015-05-13T13:35:57","guid":{"rendered":"http:\/\/www.fuldaer-nachrichten.de\/?p=138569"},"modified":"2015-05-13T15:35:57","modified_gmt":"2015-05-13T13:35:57","slug":"landratsamt-sucht-unterkuenfte-fuer-auslaendische-fluechtlinge","status":"publish","type":"post","link":"https:\/\/www.fuldaernachrichten.de\/?p=138569","title":{"rendered":"Landratsamt sucht Unterk\u00fcnfte f\u00fcr ausl\u00e4ndische Fl\u00fcchtlinge"},"content":{"rendered":"<p>Der Vogelsbergkreis sucht weiterhin f\u00fcr ausl\u00e4ndische Fl\u00fcchtlinge Unterk\u00fcnfte. In Frage kommen gr\u00f6\u00dfere Geb\u00e4ude, die als Gemeinschaftsunterkunft genutzt werden k\u00f6nnen oder auch Wohnungen. Interessierte k\u00f6nnen sich auf der Homepage des Vogelsbergkreises unter www.vogelsbergkreis.de &#8211; Ausschreibungen \u2013 VOL\/A \u00fcber die Kriterien und Anforderungen an die Ausstattung und die Infrastruktur des Standortes informieren und ihr Interesse an einer Vermietung bekunden. Sollten Interessierte nicht \u00fcber einen Internetzugang verf\u00fcgen, kann die vollst\u00e4ndige Bekanntmachung bei der Submissionsstelle, Frau Naujock, Hersfelder Stra\u00dfe 57, 36304 Alsfeld, Tel. 06631 792808 angefordert werden.<\/p>\n<p>Bewerbungen sind bis zum 12. Juni 2015 m\u00f6glich.<\/p>\n","protected":false},"excerpt":{"rendered":"<div class=\"tmnf_excerpt\"><p>Der Vogelsbergkreis sucht weiterhin f\u00fcr ausl\u00e4ndische Fl\u00fcchtlinge Unterk\u00fcnfte. In Frage kommen gr\u00f6\u00dfere Geb\u00e4ude, die als Gemeinschaftsunterkunft genutzt werden k\u00f6nnen oder auch Wohnungen. Interessierte k\u00f6nnen sich auf der Homepage des Vogelsbergkreises unter www.vogelsbergkreis.de &#8211; Ausschreibungen \u2013 VOL\/A \u00fcber die Kriterien und Anforderungen an die Ausstattung und die Infrastruktur des Standortes informieren und ihr Interesse an einer &hellip;<\/p>\n<\/div>","protected":false},"author":1,"featured_media":0,"comment_status":"closed","ping_status":"closed","sticky":false,"template":"","format":"standard","meta":{"footnotes":""},"categories":[1,29],"tags":[],"class_list":["post-138569","post","type-post","status-publish","format-standard","hentry","category-startseite","category-politik"],"_links":{"self":[{"href":"https:\/\/www.fuldaernachrichten.de\/index.php?rest_route=\/wp\/v2\/posts\/138569","targetHints":{"allow":["GET"]}}],"collection":[{"href":"https:\/\/www.fuldaernachrichten.de\/index.php?rest_route=\/wp\/v2\/posts"}],"about":[{"href":"https:\/\/www.fuldaernachrichten.de\/index.php?rest_route=\/wp\/v2\/types\/post"}],"author":[{"embeddable":true,"href":"https:\/\/www.fuldaernachrichten.de\/index.php?rest_route=\/wp\/v2\/users\/1"}],"replies":[{"embeddable":true,"href":"https:\/\/www.fuldaernachrichten.de\/index.php?rest_route=%2Fwp%2Fv2%2Fcomments&post=138569"}],"version-history":[{"count":1,"href":"https:\/\/www.fuldaernachrichten.de\/index.php?rest_route=\/wp\/v2\/posts\/138569\/revisions"}],"predecessor-version":[{"id":138570,"href":"https:\/\/www.fuldaernachrichten.de\/index.php?rest_route=\/wp\/v2\/posts\/138569\/revisions\/138570"}],"wp:attachment":[{"href":"https:\/\/www.fuldaernachrichten.de\/index.php?rest_route=%2Fwp%2Fv2%2Fmedia&parent=138569"}],"wp:term":[{"taxonomy":"category","embeddable":true,"href":"https:\/\/www.fuldaernachrichten.de\/index.php?rest_route=%2Fwp%2Fv2%2Fcategories&post=138569"},{"taxonomy":"post_tag","embeddable":true,"href":"https:\/\/www.fuldaernachrichten.de\/index.php?rest_route=%2Fwp%2Fv2%2Ftags&post=138569"}],"curies":[{"name":"wp","href":"https:\/\/api.w.org\/{rel}","templated":true}]}}