{"id":138565,"date":"2015-05-13T15:35:38","date_gmt":"2015-05-13T13:35:38","guid":{"rendered":"http:\/\/www.fuldaer-nachrichten.de\/?p=138565"},"modified":"2015-05-13T15:35:38","modified_gmt":"2015-05-13T13:35:38","slug":"vielfaeltige-exponate-im-tanner-naturmuseum-zu-sehen","status":"publish","type":"post","link":"https:\/\/www.fuldaernachrichten.de\/?p=138565","title":{"rendered":"Vielf\u00e4ltige Exponate im Tanner Naturmuseum zu sehen"},"content":{"rendered":"<p><a href=\"http:\/\/www.fuldaer-nachrichten.de\/wp-content\/uploads\/2015\/05\/GK2015MelAyachi.jpg\"><img fetchpriority=\"high\" decoding=\"async\" class=\"alignleft size-medium wp-image-138567\" src=\"http:\/\/www.fuldaer-nachrichten.de\/wp-content\/uploads\/2015\/05\/GK2015MelAyachi-265x214.jpg\" alt=\"GK2015MelAyachi\" width=\"265\" height=\"214\" srcset=\"https:\/\/www.fuldaernachrichten.de\/wp-content\/uploads\/2015\/05\/GK2015MelAyachi-265x214.jpg 265w, https:\/\/www.fuldaernachrichten.de\/wp-content\/uploads\/2015\/05\/GK2015MelAyachi.jpg 594w\" sizes=\"(max-width: 265px) 100vw, 265px\" \/><\/a>Am vergangenen Sonntag ist die inklusive Kunstausstellung Gestatten, Kultur ! unter der Schirmherrschaft von Herrn Peter Ballmaier er\u00f6ffnet worden. Gezeigt werden \u00fcber 60 Exponate von Menschen mit Handicap und professionellen Kunstschaffenden, die zum gr\u00f6\u00dften Teil k\u00e4uflich erworben werden k\u00f6nnen. Die Vernissage fand gro\u00dfe Resonanz.<\/p>\n<p>Gestatten, Kultur !, unter diesem Titel zeigt die Tanner Diakonie eine Ausstellung mit ausgew\u00e4hlten Werken von beeintr\u00e4chtigten und nichtbeeintr\u00e4chtigten K\u00fcnstlern im Naturmuseum zu Tann. Diese inklusive Ausstellung findet bereits zum 17. Mal in kontinuierlicher Fortfolge statt und zieht Jahr f\u00fcr Jahr Kunstfreunde aus nah und fern nach Tann in die Rh\u00f6n. Stefan Burkard, Gesch\u00e4ftsf\u00fchrer der Tanner Diakonie, freute sich, dass es Herrn Bernd Baldus als Kurator der Ausstellung wieder gelungen ist, eine spannende Komposition aus Gem\u00e4lde, Fotografien und Skulpturen zusammenzustellen. Hierf\u00fcr dankte er Herrn Balduas bei der Vernissage. Sein besonderer Dank galt auch Herrn Peter Ballmaier f\u00fcr die \u00dcbernahme der Schirmherrschaft und den zahlreichen F\u00f6rderern und Initiativen, die mit Ihrer finanziellen Unterst\u00fctzung diese Ausstellung erm\u00f6glichen. Namentlich nannte er die Aktion Mensch, die im Rahmen des europ\u00e4ischen Protesttages zur Gleichstellung von Menschen mit Behinderung, diese inklusive Ausstellung bezuschusst.<\/p>\n<p>Kurator und Kunsttherapeut Bernd Baldus \u00fcbernahm die Vorstellung der ausstellenden der K\u00fcnstler: Neben Mustafa el Ayachi, Dieter Baschek, Heinz Grass, Rosemarie G\u00fcnther, Gertrude H\u00fcbner, Sabine Malter, Winfried Traum\u00fcller und Katja Wieser von der Tanner Diakonie, die \u00fcberwiegend Malerei pr\u00e4sentieren, sind in diesem Jahr als externe K\u00fcnstler Frank Hellwig mit Foto-Gummidruck, EJ Kuhnert mit \u00d6lmalerei und Prof. Heinz Ullrich mit Skulpturen mit von der Partie. Ebenso stellt der Kurator und K\u00fcnstler Bernd Baldus seine Werke aus. Er organisiert seit der Geburtsstunde von Gestatten, Kultur ! in 1999 die Ausstellung und ist auch als K\u00fcnstler \u00fcber die Rh\u00f6ner Grenzen hinaus f\u00fcr seine imposanten Werke bekannt. Aktuell zeigt er seine Werke mit f\u00fcnf weiteren K\u00fcnstlern bei der Schau \u201eGerman Contemporary\u201c in Schweden. Vor allen Dingen fielen den G\u00e4sten bei der Vernissage die zehn au\u00dfergew\u00f6hnlichen und farbgewaltigen Werke von Mustafa el Ayachi ins Auge. Der in 1977 in Malaga geborene Maler beeindruckte bereits in der Vergangenheit durch seine stimmungsgeladenen Bilder und erhielt hierf\u00fcr auch schon nationale Auszeichnungen.<\/p>\n<p>Zu sehen ist die Ausstellung noch bis zum 07.06.2015. Das Naturmuseum befindet sich (von Fulda kommend) links hinter dem bekannten Tanner Stadttor. \u00d6ffnungszeiten: Dienstag bis Sonntag 10.00 Uhr bis 17.00 Uhr.<\/p>\n","protected":false},"excerpt":{"rendered":"<div class=\"tmnf_excerpt\"><p>Am vergangenen Sonntag ist die inklusive Kunstausstellung Gestatten, Kultur ! unter der Schirmherrschaft von Herrn Peter Ballmaier er\u00f6ffnet worden. Gezeigt werden \u00fcber 60 Exponate von Menschen mit Handicap und professionellen Kunstschaffenden, die zum gr\u00f6\u00dften Teil k\u00e4uflich erworben werden k\u00f6nnen. Die Vernissage fand gro\u00dfe Resonanz. Gestatten, Kultur !, unter diesem Titel zeigt die Tanner Diakonie eine &hellip;<\/p>\n<\/div>","protected":false},"author":1,"featured_media":138566,"comment_status":"closed","ping_status":"closed","sticky":false,"template":"","format":"standard","meta":{"footnotes":""},"categories":[1,44],"tags":[],"class_list":["post-138565","post","type-post","status-publish","format-standard","has-post-thumbnail","hentry","category-startseite","category-kultur"],"_links":{"self":[{"href":"https:\/\/www.fuldaernachrichten.de\/index.php?rest_route=\/wp\/v2\/posts\/138565","targetHints":{"allow":["GET"]}}],"collection":[{"href":"https:\/\/www.fuldaernachrichten.de\/index.php?rest_route=\/wp\/v2\/posts"}],"about":[{"href":"https:\/\/www.fuldaernachrichten.de\/index.php?rest_route=\/wp\/v2\/types\/post"}],"author":[{"embeddable":true,"href":"https:\/\/www.fuldaernachrichten.de\/index.php?rest_route=\/wp\/v2\/users\/1"}],"replies":[{"embeddable":true,"href":"https:\/\/www.fuldaernachrichten.de\/index.php?rest_route=%2Fwp%2Fv2%2Fcomments&post=138565"}],"version-history":[{"count":1,"href":"https:\/\/www.fuldaernachrichten.de\/index.php?rest_route=\/wp\/v2\/posts\/138565\/revisions"}],"predecessor-version":[{"id":138568,"href":"https:\/\/www.fuldaernachrichten.de\/index.php?rest_route=\/wp\/v2\/posts\/138565\/revisions\/138568"}],"wp:featuredmedia":[{"embeddable":true,"href":"https:\/\/www.fuldaernachrichten.de\/index.php?rest_route=\/wp\/v2\/media\/138566"}],"wp:attachment":[{"href":"https:\/\/www.fuldaernachrichten.de\/index.php?rest_route=%2Fwp%2Fv2%2Fmedia&parent=138565"}],"wp:term":[{"taxonomy":"category","embeddable":true,"href":"https:\/\/www.fuldaernachrichten.de\/index.php?rest_route=%2Fwp%2Fv2%2Fcategories&post=138565"},{"taxonomy":"post_tag","embeddable":true,"href":"https:\/\/www.fuldaernachrichten.de\/index.php?rest_route=%2Fwp%2Fv2%2Ftags&post=138565"}],"curies":[{"name":"wp","href":"https:\/\/api.w.org\/{rel}","templated":true}]}}