{"id":138556,"date":"2015-05-13T15:33:06","date_gmt":"2015-05-13T13:33:06","guid":{"rendered":"http:\/\/www.fuldaer-nachrichten.de\/?p=138556"},"modified":"2015-05-13T15:33:06","modified_gmt":"2015-05-13T13:33:06","slug":"ambinius-fest-spass-fuer-jung-und-alt","status":"publish","type":"post","link":"https:\/\/www.fuldaernachrichten.de\/?p=138556","title":{"rendered":"Ambinius Fest \u2013 Spa\u00df f\u00fcr jung und alt"},"content":{"rendered":"<p>Am Sonntag, 17. Mai, findet im stattPark des Antoniusheims (An St. Kathrin 4 in Fulda) das \u201eambinius-Fest\u201c statt. \u201eambinius\u201c, das aktuelle Projekt der St. Antonius-Stiftung, steht f\u00fcr die Verbindung von Kindern und Senioren in der Region Fulda.<\/p>\n<p>Das bunte Familienfest f\u00fcr jung und alt startet um 11:00 Uhr mit einem \u00f6kumenischen Gottesdienst im Gr\u00fcnen. Gegen 12:00 Uhr startet der Festbetrieb. Hier werden auch einige Leckereien aus der Antonius-K\u00fcche geboten: Ob knusprige Pizza aus dem Pizzabackofen oder hausgemachte Nudeln, Steaks und W\u00fcrstchen vom Grill, dazu ein knackiger Salat: f\u00fcr Klein und Gro\u00df ist etwas leckeres dabei.<\/p>\n<p>Auch beim buntem Programm ist f\u00fcr jeden etwas dabei: Mit einem Feuerwehr-Hubkran \u00fcber die D\u00e4cher Fuldas abheben, im Oldtimer durch die Stadt chauffiert werden oder eine spannende Zaubershow mit dem bekannten K\u00fcnstler GERRIT erleben.<\/p>\n<p>Und das sind nicht die einzigen Highlights. Gemeinsames Musik h\u00f6ren, M\u00e4rchenquiz mit Andreas Wahler, Stockbrot backen, alte und neue Kinderspiele wie Sackh\u00fcpfen oder Topfschlagen ausprobieren, Luftballons in die Luft steigen lassen und dabei gewinnen, Zirkusluft schnuppern, einen Flash-Mob machen oder sich als Bildhauer probieren. Es gibt viel Tolles zu erleben.<\/p>\n<p>Der Eintritt ist frei! Weitere Informationen zum Projekt Ambinius stehen im Internet unter www.ambinius.de<\/p>\n","protected":false},"excerpt":{"rendered":"<div class=\"tmnf_excerpt\"><p>Am Sonntag, 17. Mai, findet im stattPark des Antoniusheims (An St. Kathrin 4 in Fulda) das \u201eambinius-Fest\u201c statt. \u201eambinius\u201c, das aktuelle Projekt der St. Antonius-Stiftung, steht f\u00fcr die Verbindung von Kindern und Senioren in der Region Fulda. Das bunte Familienfest f\u00fcr jung und alt startet um 11:00 Uhr mit einem \u00f6kumenischen Gottesdienst im Gr\u00fcnen. Gegen &hellip;<\/p>\n<\/div>","protected":false},"author":1,"featured_media":0,"comment_status":"closed","ping_status":"closed","sticky":false,"template":"","format":"standard","meta":{"footnotes":""},"categories":[1],"tags":[],"class_list":["post-138556","post","type-post","status-publish","format-standard","hentry","category-startseite"],"_links":{"self":[{"href":"https:\/\/www.fuldaernachrichten.de\/index.php?rest_route=\/wp\/v2\/posts\/138556","targetHints":{"allow":["GET"]}}],"collection":[{"href":"https:\/\/www.fuldaernachrichten.de\/index.php?rest_route=\/wp\/v2\/posts"}],"about":[{"href":"https:\/\/www.fuldaernachrichten.de\/index.php?rest_route=\/wp\/v2\/types\/post"}],"author":[{"embeddable":true,"href":"https:\/\/www.fuldaernachrichten.de\/index.php?rest_route=\/wp\/v2\/users\/1"}],"replies":[{"embeddable":true,"href":"https:\/\/www.fuldaernachrichten.de\/index.php?rest_route=%2Fwp%2Fv2%2Fcomments&post=138556"}],"version-history":[{"count":1,"href":"https:\/\/www.fuldaernachrichten.de\/index.php?rest_route=\/wp\/v2\/posts\/138556\/revisions"}],"predecessor-version":[{"id":138559,"href":"https:\/\/www.fuldaernachrichten.de\/index.php?rest_route=\/wp\/v2\/posts\/138556\/revisions\/138559"}],"wp:attachment":[{"href":"https:\/\/www.fuldaernachrichten.de\/index.php?rest_route=%2Fwp%2Fv2%2Fmedia&parent=138556"}],"wp:term":[{"taxonomy":"category","embeddable":true,"href":"https:\/\/www.fuldaernachrichten.de\/index.php?rest_route=%2Fwp%2Fv2%2Fcategories&post=138556"},{"taxonomy":"post_tag","embeddable":true,"href":"https:\/\/www.fuldaernachrichten.de\/index.php?rest_route=%2Fwp%2Fv2%2Ftags&post=138556"}],"curies":[{"name":"wp","href":"https:\/\/api.w.org\/{rel}","templated":true}]}}