{"id":138553,"date":"2015-05-13T15:32:28","date_gmt":"2015-05-13T13:32:28","guid":{"rendered":"http:\/\/www.fuldaer-nachrichten.de\/?p=138553"},"modified":"2015-05-13T15:32:28","modified_gmt":"2015-05-13T13:32:28","slug":"80-hauptamtliche-bei-fortbildung-zu-missionarischer-pastoral-mit-bischof-dr-heiner-koch","status":"publish","type":"post","link":"https:\/\/www.fuldaernachrichten.de\/?p=138553","title":{"rendered":"80 Hauptamtliche bei Fortbildung zu missionarischer Pastoral mit Bischof Dr. Heiner Koch"},"content":{"rendered":"<p>Zum f\u00fcnften Tagesseminar aus der Reihe \u201eWir sind gesandt! Bausteine einer missionarischen Pastoral\u201c waren 80 Hauptamtliche aus der Pastoral des Bistums aus allen Dekanaten ins Fuldaer Bonifatiushaus angereist. Bei dieser Fortbildung, die von Weihbischof Prof. Dr. Karlheinz Diez begleitet wurde, ging es um den Weg von einer bewahrenden zu einer missionarischen Pastoral und um die Berufung der Familie in der Kirche und in der heutigen Welt. Die Veranstaltungsleitung hatten Thomas Bretz, Referent f\u00fcr Neuevangelisierung und Mitarbeiter in der Familienpastoral im Seelsorgeamt und Dechant Markus G\u00fcnther, Di\u00f6zesanbeauftragter f\u00fcr den Erwachsenenkatechumenat.<\/p>\n<p>Bischof Dr. Heiner Koch, der Gastreferent aus der Di\u00f6zese Dresden-Mei\u00dfen, wies bei seinem Vortrag darauf hin, dass es eine missionarische Pastoral ohne begeisterte Menschen nicht geben kann. \u201eWenn wir die Glaubensfreude in uns haben, dann sind wir missionarisch &#8211; wie auch Papst Franziskus in seinem Schreiben Evangelii gaudium so treffend auslegt\u201c, erl\u00e4uterte Koch in einem sehr inspirierenden und kurzweiligen Vortragsstil. Er ermutigte die Hauptamtlichen \u201eBegegnungsr\u00e4ume zu schaffen, wo wir unabsichtlich erreichbar sind\u201c, denn bei aller Konzepte- und Methodenkompetenz \u201ek\u00f6nnen wir Menschen nur zum Glauben bewegen, wenn wir wirklich und ernsthaft an ihnen interessiert sind, sie lieben und mit ihnen gemeinsam Suchende bleiben.\u201c Es gelte die Glaubens- und die Gottesfrage in unserer Gesellschaft wach zu halten. Dabei sollte sich die Pfarrei, die in erster Linie keine \u00dcberzeugungs- sondern eine Liebesgemeinschaft sei, als eine Gemeinschaft von kleinen Gemeinschaften verstehen, in denen auch \u00fcber den Glauben gesprochen wird.<\/p>\n<p>Bischof Koch, der auch der Vorsitzende der Kommission \u201eEhe und Familie\u201c der Deutschen Bischofskonferenz ist und als einer der drei deutschen Delegierten bei der Weltbischofssynode im Herbst in Rom teilnehmen wird, sprach davon, dass die christliche Ehe ein sichtbares Zeichen f\u00fcr die Liebe Gottes und deren wirksame Kraft sei: \u201eSie ist ein St\u00fcck gelebte Kirche. Darum spricht die Kirche von Ehe und Familie als von einer Kirche im Kleinen, von einer \u00c2\u00b4Hauskirche\u00c2\u00b4, weshalb die Zukunft der Kirche und die Zukunft der Familie eng beieinander liegen\u201c.<\/p>\n<p>Intensiv wurde auch w\u00e4hrend der Pausen und in einer Fragerunde mit dem Bischof \u00fcber das Geh\u00f6rte ausgetauscht.<\/p>\n<p>Bei einer Austauschb\u00f6rse am Nachmittag haben Hauptamtliche der Di\u00f6zese 12 ganz verschiedene, lebendige Praxisbeispiele einer missionarischen Pastoral aus ihren Pfarreien und Pastoralverb\u00fcnden in Parallelworkshops kurz vorgestellt, um dar\u00fcber ins Gespr\u00e4ch kommen.<\/p>\n<p>Gemeindereferentin Claudia Plociennik und Dr. Konrad Wundt aus Marburg haben Erfahrungen und Initiativen vom Marburger Katholikentag im letzten Jahr vorgestellt, bei dem sich mehr als 130 Ehrenamtliche aus den verschiedenen Gemeinden beteiligten und \u00fcber 1000 Menschen teilnahmen. Nicole und Paul Kowalski, ehrenamtliche Ehe- &amp; Familientrainer, stellten mit Pfr. Jan Kremer einen Ehevorbereitungskurs vor, der von einem Team geschulter Ehepaare durchgef\u00fchrt wird. Dechant Stefan Bu\u00df besprach sich mit Interessierten \u00fcber \u201eFamilienkreise in der Pfarrei \u2013 gestern und heute\u201c und\u00c2\u00a0 Diakon Zlatko Mihajlov aus Fritzlar erl\u00e4uterte Beispiele f\u00fcr Paare-, Kinder- und Familiensegnungen im Anschluss eines Gottesdienstes. Gemeindereferentin Hildegard Lubnow aus K\u00fcnzell stellte mit Pfr. Rudolf Liebig das Projekt \u201eOasentag\u201c vor, ein kleiner Katholikentag im Pastoralverbund St. Flora Florenberg Ziehers-S\u00fcd.<\/p>\n<p>\u201eBesonders hat mir der starke Praxisbezug, die Themenvielfalt konkreter Projekte und der gehaltvolle und inspirierende Vortrag von Bischof Koch, mit seinen vielen pers\u00f6nlichen Beispielen gefallen und insgesamt die mutmachende Aufbruchsstimmung an diesem Tag\u201c, \u00e4u\u00dferten sich Teilnehmer bei der Reflexion. \u201eEs motiviert mich von vielen guten Ideen und Initiativen in unserem Bistum zu h\u00f6ren und ich wei\u00df jetzt wen ich bzgl. eines geplanten Projekts in unserer Pfarrei auf seine Erfahrungen hin ansprechen kann\u201c, lautet eine weitere R\u00fcckmeldung.<\/p>\n<p>Am Ende des Tages kam die Gruppe zum gemeinsamen Vespergebet mit Bischof Dr. Heiner Koch zusammen. Der Gast aus Dresden-Mei\u00dfen erinnerte an die pers\u00f6nliche Sendung jedes Einzelnen und zeichnete den Teilnehmern mit Weihwasser ein Kreuz auf die Stirn, mit der Zusage und dem Auftrag: \u201eDu bist gesandt!\u201c.<\/p>\n<p>Das n\u00e4chste Tagesseminar f\u00fcr Hauptamtliche in der Reihe \u201eWir sind gesandt! Bausteine einer missionarischen Pastoral\u201c, wird am 14. November 2016 in Fulda stattfinden. Gastreferent ist dann Weihbischof Wilfried Theising aus dem Bistum M\u00fcnster.<\/p>\n","protected":false},"excerpt":{"rendered":"<div class=\"tmnf_excerpt\"><p>Zum f\u00fcnften Tagesseminar aus der Reihe \u201eWir sind gesandt! Bausteine einer missionarischen Pastoral\u201c waren 80 Hauptamtliche aus der Pastoral des Bistums aus allen Dekanaten ins Fuldaer Bonifatiushaus angereist. Bei dieser Fortbildung, die von Weihbischof Prof. Dr. Karlheinz Diez begleitet wurde, ging es um den Weg von einer bewahrenden zu einer missionarischen Pastoral und um die &hellip;<\/p>\n<\/div>","protected":false},"author":1,"featured_media":138554,"comment_status":"closed","ping_status":"closed","sticky":false,"template":"","format":"standard","meta":{"footnotes":""},"categories":[1,50],"tags":[],"class_list":["post-138553","post","type-post","status-publish","format-standard","has-post-thumbnail","hentry","category-startseite","category-kirche"],"_links":{"self":[{"href":"https:\/\/www.fuldaernachrichten.de\/index.php?rest_route=\/wp\/v2\/posts\/138553","targetHints":{"allow":["GET"]}}],"collection":[{"href":"https:\/\/www.fuldaernachrichten.de\/index.php?rest_route=\/wp\/v2\/posts"}],"about":[{"href":"https:\/\/www.fuldaernachrichten.de\/index.php?rest_route=\/wp\/v2\/types\/post"}],"author":[{"embeddable":true,"href":"https:\/\/www.fuldaernachrichten.de\/index.php?rest_route=\/wp\/v2\/users\/1"}],"replies":[{"embeddable":true,"href":"https:\/\/www.fuldaernachrichten.de\/index.php?rest_route=%2Fwp%2Fv2%2Fcomments&post=138553"}],"version-history":[{"count":1,"href":"https:\/\/www.fuldaernachrichten.de\/index.php?rest_route=\/wp\/v2\/posts\/138553\/revisions"}],"predecessor-version":[{"id":138555,"href":"https:\/\/www.fuldaernachrichten.de\/index.php?rest_route=\/wp\/v2\/posts\/138553\/revisions\/138555"}],"wp:featuredmedia":[{"embeddable":true,"href":"https:\/\/www.fuldaernachrichten.de\/index.php?rest_route=\/wp\/v2\/media\/138554"}],"wp:attachment":[{"href":"https:\/\/www.fuldaernachrichten.de\/index.php?rest_route=%2Fwp%2Fv2%2Fmedia&parent=138553"}],"wp:term":[{"taxonomy":"category","embeddable":true,"href":"https:\/\/www.fuldaernachrichten.de\/index.php?rest_route=%2Fwp%2Fv2%2Fcategories&post=138553"},{"taxonomy":"post_tag","embeddable":true,"href":"https:\/\/www.fuldaernachrichten.de\/index.php?rest_route=%2Fwp%2Fv2%2Ftags&post=138553"}],"curies":[{"name":"wp","href":"https:\/\/api.w.org\/{rel}","templated":true}]}}