{"id":138549,"date":"2015-05-13T10:49:56","date_gmt":"2015-05-13T08:49:56","guid":{"rendered":"http:\/\/www.fuldaer-nachrichten.de\/?p=138549"},"modified":"2015-05-13T10:49:56","modified_gmt":"2015-05-13T08:49:56","slug":"25-jahre-planetarium-im-vonderau-museum","status":"publish","type":"post","link":"https:\/\/www.fuldaernachrichten.de\/?p=138549","title":{"rendered":"25 Jahre Planetarium im Vonderau Museum"},"content":{"rendered":"<p>\u00dcber 300 000 G\u00e4ste besuchten in den vergangenen 25 Jahren das Planetarium des Vonderau Museums, das im Mai 1990 als erstes \u00f6ffentliches Planetarium in Hessen er\u00f6ffnet wurde. Seither geh\u00f6ren seine j\u00e4hrlich \u00fcber 500 Vorf\u00fchrungen zum Bestandteil astronomischer Bildung in Osthessen. Das Jubil\u00e4um wird am letzten Wochenende im Mai mit dem Angebot zum kostenlosen Besuch von Kurzvorf\u00fchrungen gefeiert.<\/p>\n<p>Mit einer Kuppelgr\u00f6\u00dfe von sechs Metern und 35 Sitzpl\u00e4tzen z\u00e4hlt das Planetarium in die Kategorie der Kleinplanetarien, seine Ausstattung steht den M\u00f6glichkeiten gr\u00f6\u00dferer H\u00e4user aber kaum nach. Nach 16 Jahren Dauereinsatz wurden 2006 die Diaprojektoren au\u00dfer Dienst gestellt. Als erstes Kleinplanetarium Deutschlands erhielt das Fuldaer Planetarium eine die gesamte Kuppel erfassende computergesteuerte Videoprojektionsanlage. Der Sternprojektor der Firma Zeiss ist nach Modernisierungen bis heute zuverl\u00e4ssig im Einsatz.<\/p>\n<p>Auch in der Zusammenarbeit mit anderen Planetarien im deutschsprachigen Raum sind in Fulda Akzente gesetzt worden. Die erste gesamtdeutsche Tagung der Kleinplanetarien fand in Fulda statt. Hier wurde die Idee zum Austausch von Kinderprogrammen zwischen den deutschsprachigen Planetarien geboren, die sich sp\u00e4ter in andere Sparten erweiterte und heute dem Fuldaer Planetarium erm\u00f6glicht, von aufw\u00e4ndigen Gemeinschaftsproduktionen deutscher Planetarien zu profitieren.<\/p>\n<p>Die Themenpalette reicht von der Evolutionstheorie Darwins \u00fcber literarische und musikalische Vorf\u00fchrungen. Durch die enge personelle Verzahnung mit der Fuldaer Hans-N\u00fcchter-Sternwarte stehen die Astronomie und der Sternhimmel im Zentrum der Vorf\u00fchrungen. Mit der Anerkennung des Sternenparks Rh\u00f6n in Jahr 2014 w\u00e4chst die Bedeutung dieses Aspektes, da Fulda eines der beiden in der unmittelbaren Umgebung der Rh\u00f6n liegenden Planetarien besitzt.<\/p>\n<p>Eine Besonderheit in Fulda sind die jungen Vorf\u00fchrer, die meist als Sch\u00fcler der Astronomie-Arbeitsgemeinschaft der Hans-N\u00fcchter-Sternwarte beginnen und bis ins Studentenalter ins Referentenleben hineinwachsen.<\/p>\n<p>Ausf\u00fchrliches Programm anl\u00e4sslich des Jubil\u00e4ums<\/p>\n<p>Zum 25-j\u00e4hrigen Bestehen des Planetariums wird zu kostenlosen Vorf\u00fchrungen eingeladen. Am Freitag, 29. Mai 2015, um 19.00 Uhr startet das Jubil\u00e4umsprogramm mit\u00c2\u00a0 der einst\u00fcndigen Vorf\u00fchrung \u201eDer Sternhimmel heute Nacht\u201c. Eine telefonische Platzreservierung ist empfehlenswert.<\/p>\n<p>Am Samstag und Sonntag werden zwischen 11.00 und 17.00 Uhr zu jeder vollen Stunde die 10-min\u00fctigen Kurzvorf\u00fchrungen zum \u201eInternationalen Jahr des Lichts 2015\u201c und zum \u201eSternenpark Rh\u00f6n\u201c sowie ein \u201eAstronomischer Geburtstagswalzer\u201c gezeigt.<\/p>\n<p>Erg\u00e4nzende Angaben zur technischen Ausstattung im Planetarium des Vonderau Museums:<br \/>\n-ZEISS PLANETARIUMSPROJEKTOR ZKP-2<br \/>\n-FULLDOMESYSTEM mit 2 ZEISS-SPACEGATE DUO Projektoren, PC-Cluster mit 3 PCs mit der Software SkySkan\u00c2\u00a0 DigitalSky 2<\/p>\n<p>Alle Termine unter www.museum-fulda.de.<\/p>\n","protected":false},"excerpt":{"rendered":"<div class=\"tmnf_excerpt\"><p>\u00dcber 300 000 G\u00e4ste besuchten in den vergangenen 25 Jahren das Planetarium des Vonderau Museums, das im Mai 1990 als erstes \u00f6ffentliches Planetarium in Hessen er\u00f6ffnet wurde. Seither geh\u00f6ren seine j\u00e4hrlich \u00fcber 500 Vorf\u00fchrungen zum Bestandteil astronomischer Bildung in Osthessen. Das Jubil\u00e4um wird am letzten Wochenende im Mai mit dem Angebot zum kostenlosen Besuch von &hellip;<\/p>\n<\/div>","protected":false},"author":1,"featured_media":0,"comment_status":"closed","ping_status":"closed","sticky":false,"template":"","format":"standard","meta":{"footnotes":""},"categories":[1],"tags":[],"class_list":["post-138549","post","type-post","status-publish","format-standard","hentry","category-startseite"],"_links":{"self":[{"href":"https:\/\/www.fuldaernachrichten.de\/index.php?rest_route=\/wp\/v2\/posts\/138549","targetHints":{"allow":["GET"]}}],"collection":[{"href":"https:\/\/www.fuldaernachrichten.de\/index.php?rest_route=\/wp\/v2\/posts"}],"about":[{"href":"https:\/\/www.fuldaernachrichten.de\/index.php?rest_route=\/wp\/v2\/types\/post"}],"author":[{"embeddable":true,"href":"https:\/\/www.fuldaernachrichten.de\/index.php?rest_route=\/wp\/v2\/users\/1"}],"replies":[{"embeddable":true,"href":"https:\/\/www.fuldaernachrichten.de\/index.php?rest_route=%2Fwp%2Fv2%2Fcomments&post=138549"}],"version-history":[{"count":1,"href":"https:\/\/www.fuldaernachrichten.de\/index.php?rest_route=\/wp\/v2\/posts\/138549\/revisions"}],"predecessor-version":[{"id":138550,"href":"https:\/\/www.fuldaernachrichten.de\/index.php?rest_route=\/wp\/v2\/posts\/138549\/revisions\/138550"}],"wp:attachment":[{"href":"https:\/\/www.fuldaernachrichten.de\/index.php?rest_route=%2Fwp%2Fv2%2Fmedia&parent=138549"}],"wp:term":[{"taxonomy":"category","embeddable":true,"href":"https:\/\/www.fuldaernachrichten.de\/index.php?rest_route=%2Fwp%2Fv2%2Fcategories&post=138549"},{"taxonomy":"post_tag","embeddable":true,"href":"https:\/\/www.fuldaernachrichten.de\/index.php?rest_route=%2Fwp%2Fv2%2Ftags&post=138549"}],"curies":[{"name":"wp","href":"https:\/\/api.w.org\/{rel}","templated":true}]}}