{"id":138546,"date":"2015-05-13T09:15:19","date_gmt":"2015-05-13T07:15:19","guid":{"rendered":"http:\/\/www.fuldaer-nachrichten.de\/?p=138546"},"modified":"2015-05-13T09:15:19","modified_gmt":"2015-05-13T07:15:19","slug":"osthessenkicker-06-e-v-grossenlueder-doppelsieg-fuer-zweite-mannschaft","status":"publish","type":"post","link":"https:\/\/www.fuldaernachrichten.de\/?p=138546","title":{"rendered":"Osthessenkicker 06 e.V. Gro\u00dfenl\u00fcder &#8211; Doppelsieg f\u00fcr zweite Mannschaft"},"content":{"rendered":"<p>F\u00fcr die zweite Mannschaft der Osthessenkicker standen am vergangenen Sonntag der dritte Spieltag der Verbandsliga Nord sowie der Start in die Pokalrunde Nord auf dem Programm. In der heimischen Kicker-Arena trafen die Gro\u00dfenl\u00fcderer sowohl in der Verbandsliga als auch im Pokal auf die Marburg Crocodiles 3.<\/p>\n<p>In beiden Partien waren die Gro\u00dfenl\u00fcderer die dominierende Mannschaft. Im Ligaspiel lagen sie nach der H\u00e4lfte der Partie bereits uneinholbar mit 28:4 in F\u00fchrung. Am Ende gewannen sie mit 43:9. Die Osthessenkicker waren am dritten Spieltag nur zu f\u00fcnft angetreten. Tilman Augstein, der dadurch das doppelte Spielpensum zu absolvieren hatte, erspielte mit 23 Punkten mehr als die H\u00e4lfte der erzielten Punkte.<br \/>\nIm Anschluss an das Ligaspiel wurde noch das Pokalspiel ausgetragen. Auch hier siegte die zweite Mannschaft deutlich. Die erste und dritte Mannschaft der Osthessenkicker waren durch ein Freilos bereits vorzeitig f\u00fcr die n\u00e4chste Pokalrunde qualifiziert.<\/p>\n<p>Osthessenkicker II:<br \/>\nDoppel: Bernd Kettner\/Yannic Hartmann (11 Punkte), Andreas Stumpf\/Tilman Augstein (10 Punkte), Tobias Fr\u00f6hlich\/Tilmann Augstein (11 Punkte)<\/p>\n<p>Einzel: Andreas Stumpf (4 Punkte), Bernd Kettner (2 Punkte), Tilman Augstein (2 Punkte), Yannic Hartmann (3 Punkte)<\/p>\n<p>Training<br \/>\nDas Training der Osthessenkicker findet immer dienstags und freitags ab 20:00 Uhr in den Vereinsr\u00e4umen im L\u00fcderhaus statt. Das Jugendtraining beginnt an beiden Tagen jeweils um 19:00 Uhr.<\/p>\n","protected":false},"excerpt":{"rendered":"<div class=\"tmnf_excerpt\"><p>F\u00fcr die zweite Mannschaft der Osthessenkicker standen am vergangenen Sonntag der dritte Spieltag der Verbandsliga Nord sowie der Start in die Pokalrunde Nord auf dem Programm. In der heimischen Kicker-Arena trafen die Gro\u00dfenl\u00fcderer sowohl in der Verbandsliga als auch im Pokal auf die Marburg Crocodiles 3. In beiden Partien waren die Gro\u00dfenl\u00fcderer die dominierende Mannschaft. &hellip;<\/p>\n<\/div>","protected":false},"author":1,"featured_media":138547,"comment_status":"closed","ping_status":"closed","sticky":false,"template":"","format":"standard","meta":{"footnotes":""},"categories":[1,46],"tags":[],"class_list":["post-138546","post","type-post","status-publish","format-standard","has-post-thumbnail","hentry","category-startseite","category-sport"],"_links":{"self":[{"href":"https:\/\/www.fuldaernachrichten.de\/index.php?rest_route=\/wp\/v2\/posts\/138546","targetHints":{"allow":["GET"]}}],"collection":[{"href":"https:\/\/www.fuldaernachrichten.de\/index.php?rest_route=\/wp\/v2\/posts"}],"about":[{"href":"https:\/\/www.fuldaernachrichten.de\/index.php?rest_route=\/wp\/v2\/types\/post"}],"author":[{"embeddable":true,"href":"https:\/\/www.fuldaernachrichten.de\/index.php?rest_route=\/wp\/v2\/users\/1"}],"replies":[{"embeddable":true,"href":"https:\/\/www.fuldaernachrichten.de\/index.php?rest_route=%2Fwp%2Fv2%2Fcomments&post=138546"}],"version-history":[{"count":1,"href":"https:\/\/www.fuldaernachrichten.de\/index.php?rest_route=\/wp\/v2\/posts\/138546\/revisions"}],"predecessor-version":[{"id":138548,"href":"https:\/\/www.fuldaernachrichten.de\/index.php?rest_route=\/wp\/v2\/posts\/138546\/revisions\/138548"}],"wp:featuredmedia":[{"embeddable":true,"href":"https:\/\/www.fuldaernachrichten.de\/index.php?rest_route=\/wp\/v2\/media\/138547"}],"wp:attachment":[{"href":"https:\/\/www.fuldaernachrichten.de\/index.php?rest_route=%2Fwp%2Fv2%2Fmedia&parent=138546"}],"wp:term":[{"taxonomy":"category","embeddable":true,"href":"https:\/\/www.fuldaernachrichten.de\/index.php?rest_route=%2Fwp%2Fv2%2Fcategories&post=138546"},{"taxonomy":"post_tag","embeddable":true,"href":"https:\/\/www.fuldaernachrichten.de\/index.php?rest_route=%2Fwp%2Fv2%2Ftags&post=138546"}],"curies":[{"name":"wp","href":"https:\/\/api.w.org\/{rel}","templated":true}]}}