{"id":138543,"date":"2015-05-13T09:14:19","date_gmt":"2015-05-13T07:14:19","guid":{"rendered":"http:\/\/www.fuldaer-nachrichten.de\/?p=138543"},"modified":"2015-05-13T09:14:19","modified_gmt":"2015-05-13T07:14:19","slug":"marienschule-zeigt-bilder-der-landschaft","status":"publish","type":"post","link":"https:\/\/www.fuldaernachrichten.de\/?p=138543","title":{"rendered":"Marienschule zeigt \u201eBilder der Landschaft\u201c"},"content":{"rendered":"<p>Am Mittwoch, 20. Mai 2015 um 19.30 Uhr wird die Ausstellung \u201eBilder der Landschaft\u201c der Marienschule im Bonifatiushaus in Fulda-Neuenberg er\u00f6ffnet.<\/p>\n<p>Die Ausstellung zeigt Arbeiten aus dem Kunstunterricht des Fuldaer M\u00e4dchengymnasiums. Die Sch\u00fclerinnen haben sich in unterschiedlichen Techniken mit dem Thema Landschaft auseinandergesetzt. Rh\u00f6n und Vogelsberg stehen im Mittelpunkt der Betrachtung. Im Rahmen der Vernissage spricht Dr. Elisabeth Heil von der Kunststation Kleinsassen.<\/p>\n<p>Die Bilder sind w\u00e4hrend der \u00d6ffnungszeiten des Bonifatiushauses werktags zwischen 9 und 18 Uhr bis zum 19. Juli zu sehen. Der Eintritt ist frei.<\/p>\n","protected":false},"excerpt":{"rendered":"<div class=\"tmnf_excerpt\"><p>Am Mittwoch, 20. Mai 2015 um 19.30 Uhr wird die Ausstellung \u201eBilder der Landschaft\u201c der Marienschule im Bonifatiushaus in Fulda-Neuenberg er\u00f6ffnet. Die Ausstellung zeigt Arbeiten aus dem Kunstunterricht des Fuldaer M\u00e4dchengymnasiums. Die Sch\u00fclerinnen haben sich in unterschiedlichen Techniken mit dem Thema Landschaft auseinandergesetzt. Rh\u00f6n und Vogelsberg stehen im Mittelpunkt der Betrachtung. Im Rahmen der Vernissage &hellip;<\/p>\n<\/div>","protected":false},"author":1,"featured_media":138544,"comment_status":"closed","ping_status":"closed","sticky":false,"template":"","format":"standard","meta":{"footnotes":""},"categories":[1,44],"tags":[],"class_list":["post-138543","post","type-post","status-publish","format-standard","has-post-thumbnail","hentry","category-startseite","category-kultur"],"_links":{"self":[{"href":"https:\/\/www.fuldaernachrichten.de\/index.php?rest_route=\/wp\/v2\/posts\/138543","targetHints":{"allow":["GET"]}}],"collection":[{"href":"https:\/\/www.fuldaernachrichten.de\/index.php?rest_route=\/wp\/v2\/posts"}],"about":[{"href":"https:\/\/www.fuldaernachrichten.de\/index.php?rest_route=\/wp\/v2\/types\/post"}],"author":[{"embeddable":true,"href":"https:\/\/www.fuldaernachrichten.de\/index.php?rest_route=\/wp\/v2\/users\/1"}],"replies":[{"embeddable":true,"href":"https:\/\/www.fuldaernachrichten.de\/index.php?rest_route=%2Fwp%2Fv2%2Fcomments&post=138543"}],"version-history":[{"count":1,"href":"https:\/\/www.fuldaernachrichten.de\/index.php?rest_route=\/wp\/v2\/posts\/138543\/revisions"}],"predecessor-version":[{"id":138545,"href":"https:\/\/www.fuldaernachrichten.de\/index.php?rest_route=\/wp\/v2\/posts\/138543\/revisions\/138545"}],"wp:featuredmedia":[{"embeddable":true,"href":"https:\/\/www.fuldaernachrichten.de\/index.php?rest_route=\/wp\/v2\/media\/138544"}],"wp:attachment":[{"href":"https:\/\/www.fuldaernachrichten.de\/index.php?rest_route=%2Fwp%2Fv2%2Fmedia&parent=138543"}],"wp:term":[{"taxonomy":"category","embeddable":true,"href":"https:\/\/www.fuldaernachrichten.de\/index.php?rest_route=%2Fwp%2Fv2%2Fcategories&post=138543"},{"taxonomy":"post_tag","embeddable":true,"href":"https:\/\/www.fuldaernachrichten.de\/index.php?rest_route=%2Fwp%2Fv2%2Ftags&post=138543"}],"curies":[{"name":"wp","href":"https:\/\/api.w.org\/{rel}","templated":true}]}}