{"id":138534,"date":"2015-05-12T17:27:05","date_gmt":"2015-05-12T15:27:05","guid":{"rendered":"http:\/\/www.fuldaer-nachrichten.de\/?p=138534"},"modified":"2015-05-12T17:27:05","modified_gmt":"2015-05-12T15:27:05","slug":"aktion-mensch-foerdert-grossen-teil-eines-neuen-busses-fuer-das-kinderhaus-des-antoniusheims","status":"publish","type":"post","link":"https:\/\/www.fuldaernachrichten.de\/?p=138534","title":{"rendered":"Aktion Mensch f\u00f6rdert gro\u00dfen Teil eines neuen Busses f\u00fcr das Kinderhaus des Antoniusheims"},"content":{"rendered":"<p>Gro\u00dfe Freude bei den 27 Kindern und Jugendlichen des Kinderhauses im Antoniusheim. Die Aktion Mensch hat einen Bus inklusive eines Linear-Rollstuhl-Lifts im Wert von \u00fcber 66000 Euro gef\u00f6rdert. \u201eBei dem Fahrzeug handelt es sich um einen Mercedes Sprinter, der extra f\u00fcr die Bed\u00fcrfnisse von Rollstuhlfahrern umgebaut wurde. Wir haben schon sehr lange auf die M\u00f6glichkeit gewartet, ein Fahrzeug f\u00fcr diesen Zweck zu erwerben. Als die Aktion Mensch uns zusagte, 70% des Gesamtkosten zu \u00fcbernehmen, konnten wir den Kauf und den Umbau t\u00e4tigen\u201c, freute sich Andreas Hoeser, Leiter des Kinderhauses.<\/p>\n<p>Zuk\u00fcnftig wird der Bus bei den t\u00e4glich anfallenden Routinefahrten zu \u00c4rzten und Therapien, aber auch bei Freizeitfahrten, wie Ausfl\u00fcge, eingesetzt werden.<\/p>\n","protected":false},"excerpt":{"rendered":"<div class=\"tmnf_excerpt\"><p>Gro\u00dfe Freude bei den 27 Kindern und Jugendlichen des Kinderhauses im Antoniusheim. Die Aktion Mensch hat einen Bus inklusive eines Linear-Rollstuhl-Lifts im Wert von \u00fcber 66000 Euro gef\u00f6rdert. \u201eBei dem Fahrzeug handelt es sich um einen Mercedes Sprinter, der extra f\u00fcr die Bed\u00fcrfnisse von Rollstuhlfahrern umgebaut wurde. Wir haben schon sehr lange auf die M\u00f6glichkeit &hellip;<\/p>\n<\/div>","protected":false},"author":1,"featured_media":138541,"comment_status":"closed","ping_status":"closed","sticky":false,"template":"","format":"standard","meta":{"footnotes":""},"categories":[1],"tags":[],"class_list":["post-138534","post","type-post","status-publish","format-standard","has-post-thumbnail","hentry","category-startseite"],"_links":{"self":[{"href":"https:\/\/www.fuldaernachrichten.de\/index.php?rest_route=\/wp\/v2\/posts\/138534","targetHints":{"allow":["GET"]}}],"collection":[{"href":"https:\/\/www.fuldaernachrichten.de\/index.php?rest_route=\/wp\/v2\/posts"}],"about":[{"href":"https:\/\/www.fuldaernachrichten.de\/index.php?rest_route=\/wp\/v2\/types\/post"}],"author":[{"embeddable":true,"href":"https:\/\/www.fuldaernachrichten.de\/index.php?rest_route=\/wp\/v2\/users\/1"}],"replies":[{"embeddable":true,"href":"https:\/\/www.fuldaernachrichten.de\/index.php?rest_route=%2Fwp%2Fv2%2Fcomments&post=138534"}],"version-history":[{"count":1,"href":"https:\/\/www.fuldaernachrichten.de\/index.php?rest_route=\/wp\/v2\/posts\/138534\/revisions"}],"predecessor-version":[{"id":138542,"href":"https:\/\/www.fuldaernachrichten.de\/index.php?rest_route=\/wp\/v2\/posts\/138534\/revisions\/138542"}],"wp:featuredmedia":[{"embeddable":true,"href":"https:\/\/www.fuldaernachrichten.de\/index.php?rest_route=\/wp\/v2\/media\/138541"}],"wp:attachment":[{"href":"https:\/\/www.fuldaernachrichten.de\/index.php?rest_route=%2Fwp%2Fv2%2Fmedia&parent=138534"}],"wp:term":[{"taxonomy":"category","embeddable":true,"href":"https:\/\/www.fuldaernachrichten.de\/index.php?rest_route=%2Fwp%2Fv2%2Fcategories&post=138534"},{"taxonomy":"post_tag","embeddable":true,"href":"https:\/\/www.fuldaernachrichten.de\/index.php?rest_route=%2Fwp%2Fv2%2Ftags&post=138534"}],"curies":[{"name":"wp","href":"https:\/\/api.w.org\/{rel}","templated":true}]}}