{"id":138530,"date":"2015-05-12T17:25:46","date_gmt":"2015-05-12T15:25:46","guid":{"rendered":"http:\/\/www.fuldaer-nachrichten.de\/?p=138530"},"modified":"2015-05-12T17:25:46","modified_gmt":"2015-05-12T15:25:46","slug":"hatterode-feiert-700-jaehriges-jubilaeum-mit-hr3-disco-party-wiesn-gaudi-und-open-village","status":"publish","type":"post","link":"https:\/\/www.fuldaernachrichten.de\/?p=138530","title":{"rendered":"Hatterode feiert 700-j\u00e4hriges Jubil\u00e4um mit HR3 Disco Party, Wiesn Gaudi und \u201eOpen Village\u201c"},"content":{"rendered":"<p><a href=\"http:\/\/www.fuldaer-nachrichten.de\/wp-content\/uploads\/2015\/05\/festausschuss_700-hatterode.jpg\"><img decoding=\"async\" class=\"alignleft size-medium wp-image-138536\" src=\"http:\/\/www.fuldaer-nachrichten.de\/wp-content\/uploads\/2015\/05\/festausschuss_700-hatterode-265x177.jpg\" alt=\"festausschuss_700-hatterode\" width=\"265\" height=\"177\" srcset=\"https:\/\/www.fuldaernachrichten.de\/wp-content\/uploads\/2015\/05\/festausschuss_700-hatterode-265x177.jpg 265w, https:\/\/www.fuldaernachrichten.de\/wp-content\/uploads\/2015\/05\/festausschuss_700-hatterode.jpg 592w\" sizes=\"(max-width: 265px) 100vw, 265px\" \/><\/a>Mit gro\u00dfen Schritten n\u00e4hert sich das beschauliche Dorf Hatterode seinem gro\u00dfen Jubil\u00e4um Anfang Juni. Jetzt wurde auf der Webseite der Veranstaltung das Festprogramm offiziell vorgestellt. Die 700-Jahrfeier beginnt am Donnerstag, den 04. Juni 2015 ab 19.00 Uhr mit einem Festkommers. Hierbei werden Ehreng\u00e4ste aus Politik und Wirtschaft ihre Gru\u00dfworte \u00fcbermitteln und der anschlie\u00dfende Fassanstich wird das Festwochenende er\u00f6ffnen. Ab 21.00 Uhr beginnt das Showprogramm des \u201eHatter\u00f6der Dorfabends\u201c. Diese Veranstaltung er\u00f6ffnete in den Jahren 2002 bis 2010 traditionell die Kirmes in Hatterode. Im Zuge der Jahrfeier lassen die Hatter\u00f6der dieses Event nun noch einmal aufleben. Unter dem Motto \u201eHatterode das Muhsical\u201c wird in einer Mischung aus Tanz, Gesang und Theater mit zahlreichen Klischees aufger\u00e4umt: Denn K\u00fche sind nicht lila und Landleben ist auch kein Ponyhof.<\/p>\n<p>Am Freitagabend ist das HR3-Team im Festzelt zu Gast. Moderator Tobias K\u00e4mmerer wird zur HR3 Disco Party kr\u00e4ftig einheizen. Das musikalische Repertoire ist dabei auf eine breite Altersschicht ausgelegt. Mit Dirndl und Lederhose geht es am Samstag zur gro\u00dfen Wiesn Gaudi. Bayerische Spezialit\u00e4ten und Paulaner Festbier stehen f\u00fcr die Besucher bereit. F\u00fcr die n\u00f6tige Stimmung sorgt die bew\u00e4hrte Partyband \u201eFrankenr\u00e4uber\u201c. Eine limitierte Anzahl an Tischreservierungen sind im Vorverkauf unter der E-Mail-Adresse tickets@700-jahre-hatterode.de, sowie in Doris L\u00e4dchen erh\u00e4ltlich.<\/p>\n<p>Als besonderes Highlight des Festwochenendes \u00f6ffnet am Sonntagmorgen das Open Village \u2013 ein stehender Festzug, bei dem zahlreichen Attraktionen und Events im Ganzen Ort zu sehen sind. Neben kulinarischen Spezialit\u00e4ten aus der Region, Ausstellungen und Marktst\u00e4nden gibt es auch spektakul\u00e4ren Showtanz und Live-Musik auf zwei verschiedenen B\u00fchnen zu bewundern. Unter anderem rockt die Coverband \u201eB\u00e4ck to the Future\u201c durch die Jahrzehnte der Musikgeschichte. Getreu dem Motto \u201eInnovation und Tradition\u201c werden alte und neue Handwerksk\u00fcnste pr\u00e4sentiert. Auch f\u00fcr die Kleinsten ist ein reichhaltiges Unterhaltungsangebot geplant. Wer das bunte Treiben von oben genie\u00dfen m\u00f6chte, kann einen Rundflug mit dem F\u00f6rstina Helikopter unternehmen.<\/p>\n<p>Weitere Informationen finden Sie unter www.700-jahre-hatterode.de.<\/p>\n","protected":false},"excerpt":{"rendered":"<div class=\"tmnf_excerpt\"><p>Mit gro\u00dfen Schritten n\u00e4hert sich das beschauliche Dorf Hatterode seinem gro\u00dfen Jubil\u00e4um Anfang Juni. Jetzt wurde auf der Webseite der Veranstaltung das Festprogramm offiziell vorgestellt. Die 700-Jahrfeier beginnt am Donnerstag, den 04. Juni 2015 ab 19.00 Uhr mit einem Festkommers. Hierbei werden Ehreng\u00e4ste aus Politik und Wirtschaft ihre Gru\u00dfworte \u00fcbermitteln und der anschlie\u00dfende Fassanstich wird &hellip;<\/p>\n<\/div>","protected":false},"author":1,"featured_media":138535,"comment_status":"closed","ping_status":"closed","sticky":false,"template":"","format":"standard","meta":{"footnotes":""},"categories":[1],"tags":[],"class_list":["post-138530","post","type-post","status-publish","format-standard","has-post-thumbnail","hentry","category-startseite"],"_links":{"self":[{"href":"https:\/\/www.fuldaernachrichten.de\/index.php?rest_route=\/wp\/v2\/posts\/138530","targetHints":{"allow":["GET"]}}],"collection":[{"href":"https:\/\/www.fuldaernachrichten.de\/index.php?rest_route=\/wp\/v2\/posts"}],"about":[{"href":"https:\/\/www.fuldaernachrichten.de\/index.php?rest_route=\/wp\/v2\/types\/post"}],"author":[{"embeddable":true,"href":"https:\/\/www.fuldaernachrichten.de\/index.php?rest_route=\/wp\/v2\/users\/1"}],"replies":[{"embeddable":true,"href":"https:\/\/www.fuldaernachrichten.de\/index.php?rest_route=%2Fwp%2Fv2%2Fcomments&post=138530"}],"version-history":[{"count":1,"href":"https:\/\/www.fuldaernachrichten.de\/index.php?rest_route=\/wp\/v2\/posts\/138530\/revisions"}],"predecessor-version":[{"id":138537,"href":"https:\/\/www.fuldaernachrichten.de\/index.php?rest_route=\/wp\/v2\/posts\/138530\/revisions\/138537"}],"wp:featuredmedia":[{"embeddable":true,"href":"https:\/\/www.fuldaernachrichten.de\/index.php?rest_route=\/wp\/v2\/media\/138535"}],"wp:attachment":[{"href":"https:\/\/www.fuldaernachrichten.de\/index.php?rest_route=%2Fwp%2Fv2%2Fmedia&parent=138530"}],"wp:term":[{"taxonomy":"category","embeddable":true,"href":"https:\/\/www.fuldaernachrichten.de\/index.php?rest_route=%2Fwp%2Fv2%2Fcategories&post=138530"},{"taxonomy":"post_tag","embeddable":true,"href":"https:\/\/www.fuldaernachrichten.de\/index.php?rest_route=%2Fwp%2Fv2%2Ftags&post=138530"}],"curies":[{"name":"wp","href":"https:\/\/api.w.org\/{rel}","templated":true}]}}