{"id":138526,"date":"2015-05-12T17:24:55","date_gmt":"2015-05-12T15:24:55","guid":{"rendered":"http:\/\/www.fuldaer-nachrichten.de\/?p=138526"},"modified":"2015-05-12T17:24:55","modified_gmt":"2015-05-12T15:24:55","slug":"1000-euro-fuer-das-projekt-ambinius-kita-plus-jung-und-alt","status":"publish","type":"post","link":"https:\/\/www.fuldaernachrichten.de\/?p=138526","title":{"rendered":"1000 Euro f\u00fcr das Projekt \u201eambinius \u2013 KITA plus jung und alt\u201c"},"content":{"rendered":"<p>Der Lions Club Fulda hat das aktuelle Projekt der St. Antonius-Stiftung \u2013 ambinius \u2013 KITA plus jung und alt\u201c mit 1000 Euro unterst\u00fctzt.<\/p>\n<p>\u201eWir freuen uns sehr, Ihnen die Spende \u00fcberreichen zu k\u00f6nnen. Das Geld stammt aus den Erl\u00f6sen des Verkaufes des Lions &#8211; Adventskalender, welcher in 2014 zum 10. Mal aufgelegt wurde\u201c, sagte Florian von Lewinski, Pr\u00e4sident des Lions-Clubs.<\/p>\n<p>Getraud Sorg, Vorsitzende der St. Antonius-Stiftung, dankte von Lewinski und dem Lions-Club f\u00fcr das finanzielle Engagement bei dem aktuellen Projekt. \u201eWir freuen uns sehr, dass Sie unser Vorhaben, j\u00fcngere und \u00e4ltere Menschen zusammenzubringen, unterst\u00fctzen\u201c, sagte Sorg.<br \/>\nWeitere Infomartionen zum Projekt \u201eambinius\u201c stehen im Internet unter www.ambinius.de<\/p>\n","protected":false},"excerpt":{"rendered":"<div class=\"tmnf_excerpt\"><p>Der Lions Club Fulda hat das aktuelle Projekt der St. Antonius-Stiftung \u2013 ambinius \u2013 KITA plus jung und alt\u201c mit 1000 Euro unterst\u00fctzt. \u201eWir freuen uns sehr, Ihnen die Spende \u00fcberreichen zu k\u00f6nnen. Das Geld stammt aus den Erl\u00f6sen des Verkaufes des Lions &#8211; Adventskalender, welcher in 2014 zum 10. Mal aufgelegt wurde\u201c, sagte Florian &hellip;<\/p>\n<\/div>","protected":false},"author":1,"featured_media":138532,"comment_status":"closed","ping_status":"closed","sticky":false,"template":"","format":"standard","meta":{"footnotes":""},"categories":[1,53,72],"tags":[],"class_list":["post-138526","post","type-post","status-publish","format-standard","has-post-thumbnail","hentry","category-startseite","category-bildung","category-jugend"],"_links":{"self":[{"href":"https:\/\/www.fuldaernachrichten.de\/index.php?rest_route=\/wp\/v2\/posts\/138526","targetHints":{"allow":["GET"]}}],"collection":[{"href":"https:\/\/www.fuldaernachrichten.de\/index.php?rest_route=\/wp\/v2\/posts"}],"about":[{"href":"https:\/\/www.fuldaernachrichten.de\/index.php?rest_route=\/wp\/v2\/types\/post"}],"author":[{"embeddable":true,"href":"https:\/\/www.fuldaernachrichten.de\/index.php?rest_route=\/wp\/v2\/users\/1"}],"replies":[{"embeddable":true,"href":"https:\/\/www.fuldaernachrichten.de\/index.php?rest_route=%2Fwp%2Fv2%2Fcomments&post=138526"}],"version-history":[{"count":1,"href":"https:\/\/www.fuldaernachrichten.de\/index.php?rest_route=\/wp\/v2\/posts\/138526\/revisions"}],"predecessor-version":[{"id":138533,"href":"https:\/\/www.fuldaernachrichten.de\/index.php?rest_route=\/wp\/v2\/posts\/138526\/revisions\/138533"}],"wp:featuredmedia":[{"embeddable":true,"href":"https:\/\/www.fuldaernachrichten.de\/index.php?rest_route=\/wp\/v2\/media\/138532"}],"wp:attachment":[{"href":"https:\/\/www.fuldaernachrichten.de\/index.php?rest_route=%2Fwp%2Fv2%2Fmedia&parent=138526"}],"wp:term":[{"taxonomy":"category","embeddable":true,"href":"https:\/\/www.fuldaernachrichten.de\/index.php?rest_route=%2Fwp%2Fv2%2Fcategories&post=138526"},{"taxonomy":"post_tag","embeddable":true,"href":"https:\/\/www.fuldaernachrichten.de\/index.php?rest_route=%2Fwp%2Fv2%2Ftags&post=138526"}],"curies":[{"name":"wp","href":"https:\/\/api.w.org\/{rel}","templated":true}]}}