{"id":138522,"date":"2015-05-12T17:23:11","date_gmt":"2015-05-12T15:23:11","guid":{"rendered":"http:\/\/www.fuldaer-nachrichten.de\/?p=138522"},"modified":"2015-05-12T17:23:11","modified_gmt":"2015-05-12T15:23:11","slug":"zwischenbilanz-fuer-ikek-informationen-zu-foerdermoeglichkeiten-und-umsetzung-von-projekten","status":"publish","type":"post","link":"https:\/\/www.fuldaernachrichten.de\/?p=138522","title":{"rendered":"Zwischenbilanz f\u00fcr IKEK &#8211; Informationen zu F\u00f6rderm\u00f6glichkeiten und Umsetzung von Projekten"},"content":{"rendered":"<p>Eine erste Evaluation und Zwischenbilanz zum Dorfentwicklungsverfahren f\u00fcr die zu H\u00fcnfeld geh\u00f6renden D\u00f6rfer ist f\u00fcr Dienstag, 26. Mai, ab 19 Uhr in der Stadthalle Kolpinghaus geplant. Wie B\u00fcrgermeister Stefan Schwenk dazu mitteilt, sind dazu nicht nur Ortsbeir\u00e4te und Stadtverordnete geladen, sondern auch alle Teilnehmer an den Beratungen vor Ort sowie interessierte B\u00fcrger.<\/p>\n<p>Mittlerweile wurden einige Ma\u00dfnahmen begonnen, beispielsweise im Ortsmittelpunkt Oberrombach oder auf den Weg gebraucht, wie die barrierefreie Gestaltung der B\u00fcrgerh\u00e4user. Dar\u00fcber wird berichtet. An diesem Abend soll aber auch die neue Projektmanagerin f\u00fcr die Bereiche SILEK und IKEK-Verfahren sowie das Fl\u00e4chenmanagement in H\u00fcnfeld, Petra Skrobanek, vorgestellt werden. Au\u00dferdem gibt es auch beim Fachdienst Dorferneuerung und l\u00e4ndliche Entwicklung im Fuldaer Landratsamt eine neue verantwortliche Mitarbeiterin. Dies ist Janina Bodmann, die f\u00fcr die Beratungen\u00c2\u00a0 von privaten Grundst\u00fcckseigent\u00fcmern zur Verf\u00fcgung steht. Termine f\u00fcr Beratungsgespr\u00e4che k\u00f6nnen \u00fcber das Stadtbauamt, Verena Alt, Tel. 180150 vereinbart werden.<br \/>\nSchlie\u00dflich werden an diesem Abend auch die aktuellen F\u00f6rderm\u00f6glichkeiten f\u00fcr Privatma\u00dfnahmen im Rahmen der Dorfentwicklung aufgezeigt. Dazu stehen der Fachdienstleiter der Kreisbeh\u00f6rde, Stefan B\u00fcttner, und seine verantwortliche Mitarbeiterin, Janina Bodmann, zur Verf\u00fcgung.<\/p>\n","protected":false},"excerpt":{"rendered":"<div class=\"tmnf_excerpt\"><p>Eine erste Evaluation und Zwischenbilanz zum Dorfentwicklungsverfahren f\u00fcr die zu H\u00fcnfeld geh\u00f6renden D\u00f6rfer ist f\u00fcr Dienstag, 26. Mai, ab 19 Uhr in der Stadthalle Kolpinghaus geplant. Wie B\u00fcrgermeister Stefan Schwenk dazu mitteilt, sind dazu nicht nur Ortsbeir\u00e4te und Stadtverordnete geladen, sondern auch alle Teilnehmer an den Beratungen vor Ort sowie interessierte B\u00fcrger. Mittlerweile wurden einige &hellip;<\/p>\n<\/div>","protected":false},"author":1,"featured_media":0,"comment_status":"closed","ping_status":"closed","sticky":false,"template":"","format":"standard","meta":{"footnotes":""},"categories":[1],"tags":[],"class_list":["post-138522","post","type-post","status-publish","format-standard","hentry","category-startseite"],"_links":{"self":[{"href":"https:\/\/www.fuldaernachrichten.de\/index.php?rest_route=\/wp\/v2\/posts\/138522","targetHints":{"allow":["GET"]}}],"collection":[{"href":"https:\/\/www.fuldaernachrichten.de\/index.php?rest_route=\/wp\/v2\/posts"}],"about":[{"href":"https:\/\/www.fuldaernachrichten.de\/index.php?rest_route=\/wp\/v2\/types\/post"}],"author":[{"embeddable":true,"href":"https:\/\/www.fuldaernachrichten.de\/index.php?rest_route=\/wp\/v2\/users\/1"}],"replies":[{"embeddable":true,"href":"https:\/\/www.fuldaernachrichten.de\/index.php?rest_route=%2Fwp%2Fv2%2Fcomments&post=138522"}],"version-history":[{"count":1,"href":"https:\/\/www.fuldaernachrichten.de\/index.php?rest_route=\/wp\/v2\/posts\/138522\/revisions"}],"predecessor-version":[{"id":138525,"href":"https:\/\/www.fuldaernachrichten.de\/index.php?rest_route=\/wp\/v2\/posts\/138522\/revisions\/138525"}],"wp:attachment":[{"href":"https:\/\/www.fuldaernachrichten.de\/index.php?rest_route=%2Fwp%2Fv2%2Fmedia&parent=138522"}],"wp:term":[{"taxonomy":"category","embeddable":true,"href":"https:\/\/www.fuldaernachrichten.de\/index.php?rest_route=%2Fwp%2Fv2%2Fcategories&post=138522"},{"taxonomy":"post_tag","embeddable":true,"href":"https:\/\/www.fuldaernachrichten.de\/index.php?rest_route=%2Fwp%2Fv2%2Ftags&post=138522"}],"curies":[{"name":"wp","href":"https:\/\/api.w.org\/{rel}","templated":true}]}}