{"id":138508,"date":"2015-05-12T17:19:47","date_gmt":"2015-05-12T15:19:47","guid":{"rendered":"http:\/\/www.fuldaer-nachrichten.de\/?p=138508"},"modified":"2015-05-12T17:19:47","modified_gmt":"2015-05-12T15:19:47","slug":"konjunkturbericht-ihk-fulda-fru%cc%88hjahr-2015","status":"publish","type":"post","link":"https:\/\/www.fuldaernachrichten.de\/?p=138508","title":{"rendered":"Konjunkturbericht IHK Fulda Fru\u00cc\u02c6hjahr 2015"},"content":{"rendered":"<p>\u201eUnsere Region hat in den vergangenen Wochen auf hohem Niveau eine Seitw\u00e4rtsbewegung gemacht\u201c, beurteilt Stefan Schunck, Hauptgesch\u00e4ftsfu\u00cc\u02c6hrer der IHK Fulda die Ergebnisse der aktuellen Konjunkturumfrage. Rund 40 % der Betriebe sch\u00e4tzen ihre derzeitige Gesch\u00e4ftslage als gut ein, das sind etwas weniger als in der Februar-Umfrage. Von einer befriedigenden sprechen 52 % und 8 % registrieren eine schlechte derzeitige Gesch\u00e4ftslage (Februar 2015: 5,2 %). Fu\u00cc\u02c6r die kommenden Monate gehen 71,4 % von einer in etwa gleichbleibenden Entwicklung aus, 22 % erwarten eine gu\u00cc\u02c6nstigere und 6,6 % eine eher schlechtere Wirtschaftslage. Der Gesch\u00e4ftsklimaindex \u2013 der sich aus den Einsch\u00e4tzungen der derzeitigen wie auch der zuku\u00cc\u02c6nftigen Gesch\u00e4ftslage zusammensetzt \u2013 liegt mit 123,5 Punkten sowohl unter dem Niveau vom Februar als auch unter dem vom vergangenen Jahr. \u201eDamit sind die recht hohen Erwartungen, mit denen unsere Unternehmen in das Jahr 2015 gestartet sind, noch nicht ganz erreicht worden\u201c, so Stefan Schunck fu\u00cc\u02c6r die IHK Fulda.<\/p>\n<p>Besonders gilt das fu\u00cc\u02c6r die Industriebetriebe. Hier sprechen zwar 53 % von einer guten derzeitigen Gesch\u00e4ftslage; aber immerhin u\u00cc\u02c6ber 12 % bezeichnen ihre derzeitige Situation als eher schlecht. Auch der Blick in die kommenden Monate f\u00e4llt hier zuru\u00cc\u02c6ckhaltend aus, 21 % der Unternehmen rechnen mit einer gu\u00cc\u02c6nstigeren Lage (Februar 2015: 33 %) und rund 76 % gehen von einer weitgehend stabilen Gesch\u00e4ftslage aus.<\/p>\n<p>Etwas gu\u00cc\u02c6nstiger beurteilt der Handel die aktuelle Situation. Hier sprechen lediglich 4 % der Befragten von einer schlechten derzeitigen Gesch\u00e4ftslage, 24 % erwarten fu\u00cc\u02c6r die Zukunft eine noch bessere Entwicklung und 68 % gehen von einem gleich bleibenden Niveau aus.<\/p>\n<p>\u00c4hnlich auch das Bild bei den Dienstleistungen: 23 % gehen von einer gu\u00cc\u02c6nstigeren und knapp 12 % von einer ungu\u00cc\u02c6nstigeren Wirtschaftslage in den kommenden Monaten aus. In der Umfrage vom Februar 2015 war die Zahl der Optimisten deutlich niedriger.<\/p>\n<p>In der aktuellen Konjunkturumfrage f\u00e4llt auf, dass die Beurteilung sowohl der derzeitigen als auch der zuku\u00cc\u02c6nftigen Gesch\u00e4ftslage mit der Gr\u00f6\u00dfe der befragten Unternehmen positiver ausf\u00e4llt.<\/p>\n<p>Die Investitionsabsichten der Unternehmen sind weitgehend unver\u00e4ndert geblieben: Knapp ein Drittel der Unternehmen plant steigende Investitionen, bei u\u00cc\u02c6ber 53 % bleiben die Investitionen konstant und 14 % gehen von abnehmenden Investitionen aus. Die Besch\u00e4ftigtenzahl wird bei rund 19 % der Betriebe steigen, bei 74 % der Unternehmen gleich bleiben und lediglich knapp 8 % rechnen mit einem Abbau ihrer Mitarbeiterzahl. Insgesamt wird sich daher auch der Arbeitsmarkt unserer Region auf einem hohen Niveau bewegen.<br \/>\nAls Hauptrisiken fu\u00cc\u02c6r die wirtschaftliche Entwicklung in den kommenden Monaten nennen die Unternehmen eine eventuell nachlassende Inlandsnachfrage, steigende Arbeitskosten, den zunehmenden Fachkr\u00e4ftemangel sowie die wirtschaftspolitischen Rahmenbedingungen.<\/p>\n<p>\u201eUnsere aktuelle Umfrage zeigt, dass die Konjunktur in Osthessen momentan auf hohem Niveau eine kleine Verschnaufpause einlegt\u201c, kommentiert Stefan Schunck die Umfrageergebnisse fu\u00cc\u02c6r die IHK Fulda.<\/p>\n","protected":false},"excerpt":{"rendered":"<div class=\"tmnf_excerpt\"><p>\u201eUnsere Region hat in den vergangenen Wochen auf hohem Niveau eine Seitw\u00e4rtsbewegung gemacht\u201c, beurteilt Stefan Schunck, Hauptgesch\u00e4ftsfu\u00cc\u02c6hrer der IHK Fulda die Ergebnisse der aktuellen Konjunkturumfrage. Rund 40 % der Betriebe sch\u00e4tzen ihre derzeitige Gesch\u00e4ftslage als gut ein, das sind etwas weniger als in der Februar-Umfrage. Von einer befriedigenden sprechen 52 % und 8 % registrieren &hellip;<\/p>\n<\/div>","protected":false},"author":1,"featured_media":0,"comment_status":"closed","ping_status":"closed","sticky":false,"template":"","format":"standard","meta":{"footnotes":""},"categories":[1,29],"tags":[],"class_list":["post-138508","post","type-post","status-publish","format-standard","hentry","category-startseite","category-politik"],"_links":{"self":[{"href":"https:\/\/www.fuldaernachrichten.de\/index.php?rest_route=\/wp\/v2\/posts\/138508","targetHints":{"allow":["GET"]}}],"collection":[{"href":"https:\/\/www.fuldaernachrichten.de\/index.php?rest_route=\/wp\/v2\/posts"}],"about":[{"href":"https:\/\/www.fuldaernachrichten.de\/index.php?rest_route=\/wp\/v2\/types\/post"}],"author":[{"embeddable":true,"href":"https:\/\/www.fuldaernachrichten.de\/index.php?rest_route=\/wp\/v2\/users\/1"}],"replies":[{"embeddable":true,"href":"https:\/\/www.fuldaernachrichten.de\/index.php?rest_route=%2Fwp%2Fv2%2Fcomments&post=138508"}],"version-history":[{"count":1,"href":"https:\/\/www.fuldaernachrichten.de\/index.php?rest_route=\/wp\/v2\/posts\/138508\/revisions"}],"predecessor-version":[{"id":138511,"href":"https:\/\/www.fuldaernachrichten.de\/index.php?rest_route=\/wp\/v2\/posts\/138508\/revisions\/138511"}],"wp:attachment":[{"href":"https:\/\/www.fuldaernachrichten.de\/index.php?rest_route=%2Fwp%2Fv2%2Fmedia&parent=138508"}],"wp:term":[{"taxonomy":"category","embeddable":true,"href":"https:\/\/www.fuldaernachrichten.de\/index.php?rest_route=%2Fwp%2Fv2%2Fcategories&post=138508"},{"taxonomy":"post_tag","embeddable":true,"href":"https:\/\/www.fuldaernachrichten.de\/index.php?rest_route=%2Fwp%2Fv2%2Ftags&post=138508"}],"curies":[{"name":"wp","href":"https:\/\/api.w.org\/{rel}","templated":true}]}}