{"id":138504,"date":"2015-05-12T11:16:14","date_gmt":"2015-05-12T09:16:14","guid":{"rendered":"http:\/\/www.fuldaer-nachrichten.de\/?p=138504"},"modified":"2015-05-12T11:16:14","modified_gmt":"2015-05-12T09:16:14","slug":"musiker-der-kreisverwaltung-drei-mitarbeiter-stehen-mit-vorsicht-geblaese-xxl-auf-der-buehne-der-esperantohalle","status":"publish","type":"post","link":"https:\/\/www.fuldaernachrichten.de\/?p=138504","title":{"rendered":"Musiker der Kreisverwaltung: Drei Mitarbeiter stehen mit Vorsicht Gebl\u00e4se XXL auf der B\u00fchne der Esperantohalle"},"content":{"rendered":"<p><a href=\"http:\/\/www.fuldaer-nachrichten.de\/wp-content\/uploads\/2015\/05\/242-Vorsicht-Gebl\u00e4se-2.jpg\"><img decoding=\"async\" class=\"alignleft size-medium wp-image-138506\" src=\"http:\/\/www.fuldaer-nachrichten.de\/wp-content\/uploads\/2015\/05\/242-Vorsicht-Gebl\u00e4se-2-265x176.jpg\" alt=\"242-Vorsicht Gebl\u00e4se 2\" width=\"265\" height=\"176\" \/><\/a>Ein Konzert zu geben, dazu noch auf einer riesigen B\u00fchne und vor ausverkauftem Saal \u2013 das ist schon etwas Besonderes, sind sich Luisa M\u00f6ller (23), Alexander Meisel (44) und Matthias Kulla (42) einig. Die drei Angestellten des Landkreises Fulda fiebern derzeit dem 16. Mai entgegen. Dann sind sie als Musiker des Blasorchesters Neuhof Teil der Projekt-Band Vorsicht Gebl\u00e4se XXL und wollen die Esperantohalle Fulda zum Beben bringen.<\/p>\n<p>\u201eUnsere Vor-Band ist Unheilig\u201c, scherzt Matthias Kulla und f\u00fcgt mit einem Augenzwinkern an: \u201eGut, sie spielen einen Tag vor uns und haben eine geringf\u00fcgig andere Zielgruppe\u201c. Inwiefern es \u00dcberschneidungspunkte zwischen den Zuh\u00f6rern gibt, ist offen. Sicher ist aber, dass auch im Publikum des Projekts Vorsicht Gebl\u00e4se XXL &amp; The Classic String Orchestra &#8211; Pop meets Classic &#8211; kaum die Traditionalisten unter den Blasmusikfans zu finden sein werden. Vielmehr d\u00fcrfte es so bunt gemischt sein wie das Repertoire. Klassik-Hits, Musical-Melodien, aber auch Pop- und Rock-Songs arrangiert f\u00fcr Bl\u00e4ser, Streicher und S\u00e4nger werden geboten. Musikalisch soll es f\u00fcr diejenigen unten im Saal so reizvoll werden, wie es f\u00fcr die Musiker oben auf der B\u00fchne bereits bei den Proben ist.<\/p>\n<p>Blasmusik vielf\u00e4ltig und neu interpretiert, fern der klassischen b\u00f6hmisch-m\u00e4hrischen Stilrichtung: Das ist ein Grund, warum es Trompeter Matthias Kulla, Klarinettistin und Saxophonistin Luisa M\u00f6ller und Alexander Meisel, der das tiefe Blechblasinstrument Euphonium spielt, \u00fcberhaupt zum Blasorchester Neuhof verschlagen hat: \u201eWir haben als Konzertorchester einen guten Ruf und einen hohen musikalischen Anspruch an uns selbst\u201c, erl\u00e4utert Alexander Meisel. Um beidem gerecht zu werden, kann das Hobby phasenweise \u2013 zumal vor Auftritten \u2013 recht zeitintensiv werden: \u201eDen Probenplan zeigen die Musiker zuhause am besten erst einmal nicht\u201c, berichtet Matthias Kulla aus Gespr\u00e4chen mit Vereinskollegen mit einem Schmunzeln. Er selbst ist seit \u00fcber 30 Jahren dabei, seit \u00fcber 20 Jahren auch im Vorstand. Dank \u201egenetischer Vorbelastung\u201c \u2013 seine Br\u00fcder seien ebenfalls Musiker \u2013 kam er zum Neuhofer Orchester. Luisa M\u00f6ller stie\u00df vor vier Jahren dazu, zuvor spielte die Neuhoferin im Schulorchester der Wernher-von-Braun-Schule, ist zudem in der Band \u201eAll inclusive\u201c und bereits seit 15 Jahren Teil der Blaskapelle RSM Niederkalbach. Auch Euphonist Alexander Meisel lernte bereits zu Zeiten als Sch\u00fcler der Freiherr-vom-Stein-Schule sein musikalisches Handwerk, spielte im Musikverein Eichenzell und ist seit 2001 auch in Neuhof aktiv.<\/p>\n<p>So viel Zeit die drei Instrumentalisten in ihrer Freizeit miteinander teilen, so wenig haben sie \u2013 obwohl sie f\u00fcr denselben Arbeitgeber t\u00e4tig sind \u2013 beruflich miteinander zu tun: Luisa M\u00f6ller arbeitet als Fachangestellte f\u00fcr B\u00fcrokommunikation in der Kreiskasse. Alexander Meisel ist als Gesundheitsingenieur im Kreisgesundheitsamt schwerpunktm\u00e4\u00dfig f\u00fcr den Bereich Trinkwasser-Hygiene zust\u00e4ndig. Und der Job von Verwaltungsfachwirt Matthias Kulla im Fachdienst Personal und Organisation ist unter anderem die Stellen- und Personalplanung in der Kreisverwaltung. Dass sie sich doch hin und wieder auch im Kreishaus \u00fcber den Weg laufen, ist meist kein Zufall: \u201eWir sind alle auch Mitglied in der Amtskapelle\u201c, lacht Luisa M\u00f6ller. Und das ist dann doch wieder mehr Hobby als Arbeit.<\/p>\n<p>Info<br \/>\nVorsicht Gebl\u00e4se XXL &amp; The Classic String Orchestra sind mit ihrem Programm \u201ePop meets Classic\u201c am Samstag, 16. Mai, ab 20 Uhr in der Esperantohalle Fulda zu h\u00f6ren. Mehr Infos unter www.vorsicht-geblaese.de<\/p>\n","protected":false},"excerpt":{"rendered":"<div class=\"tmnf_excerpt\"><p>Ein Konzert zu geben, dazu noch auf einer riesigen B\u00fchne und vor ausverkauftem Saal \u2013 das ist schon etwas Besonderes, sind sich Luisa M\u00f6ller (23), Alexander Meisel (44) und Matthias Kulla (42) einig. Die drei Angestellten des Landkreises Fulda fiebern derzeit dem 16. Mai entgegen. Dann sind sie als Musiker des Blasorchesters Neuhof Teil der &hellip;<\/p>\n<\/div>","protected":false},"author":1,"featured_media":138505,"comment_status":"closed","ping_status":"closed","sticky":false,"template":"","format":"standard","meta":{"footnotes":""},"categories":[1,44,29],"tags":[],"class_list":["post-138504","post","type-post","status-publish","format-standard","has-post-thumbnail","hentry","category-startseite","category-kultur","category-politik"],"_links":{"self":[{"href":"https:\/\/www.fuldaernachrichten.de\/index.php?rest_route=\/wp\/v2\/posts\/138504","targetHints":{"allow":["GET"]}}],"collection":[{"href":"https:\/\/www.fuldaernachrichten.de\/index.php?rest_route=\/wp\/v2\/posts"}],"about":[{"href":"https:\/\/www.fuldaernachrichten.de\/index.php?rest_route=\/wp\/v2\/types\/post"}],"author":[{"embeddable":true,"href":"https:\/\/www.fuldaernachrichten.de\/index.php?rest_route=\/wp\/v2\/users\/1"}],"replies":[{"embeddable":true,"href":"https:\/\/www.fuldaernachrichten.de\/index.php?rest_route=%2Fwp%2Fv2%2Fcomments&post=138504"}],"version-history":[{"count":1,"href":"https:\/\/www.fuldaernachrichten.de\/index.php?rest_route=\/wp\/v2\/posts\/138504\/revisions"}],"predecessor-version":[{"id":138507,"href":"https:\/\/www.fuldaernachrichten.de\/index.php?rest_route=\/wp\/v2\/posts\/138504\/revisions\/138507"}],"wp:featuredmedia":[{"embeddable":true,"href":"https:\/\/www.fuldaernachrichten.de\/index.php?rest_route=\/wp\/v2\/media\/138505"}],"wp:attachment":[{"href":"https:\/\/www.fuldaernachrichten.de\/index.php?rest_route=%2Fwp%2Fv2%2Fmedia&parent=138504"}],"wp:term":[{"taxonomy":"category","embeddable":true,"href":"https:\/\/www.fuldaernachrichten.de\/index.php?rest_route=%2Fwp%2Fv2%2Fcategories&post=138504"},{"taxonomy":"post_tag","embeddable":true,"href":"https:\/\/www.fuldaernachrichten.de\/index.php?rest_route=%2Fwp%2Fv2%2Ftags&post=138504"}],"curies":[{"name":"wp","href":"https:\/\/api.w.org\/{rel}","templated":true}]}}