{"id":138501,"date":"2015-05-12T09:42:56","date_gmt":"2015-05-12T07:42:56","guid":{"rendered":"http:\/\/www.fuldaer-nachrichten.de\/?p=138501"},"modified":"2015-05-12T09:42:56","modified_gmt":"2015-05-12T07:42:56","slug":"buendnis-fulda-stellt-sich-quer-begruesst-eindeutiges-votum-zur-umbenennung-der-danzebrink-str","status":"publish","type":"post","link":"https:\/\/www.fuldaernachrichten.de\/?p=138501","title":{"rendered":"B\u00fcndnis Fulda stellt sich Quer begr\u00fc\u00dft eindeutiges Votum zur Umbenennung der Danzebrink Str."},"content":{"rendered":"<p>Ein eindeutiges Votum zeigt die Abstimmung einer Fuldaer Tageszeitung auf Ihrer Online \u2013 Seite zur Umbenennung der Dr. Danzebrink Strasse in Fulda. Seit Freitag stimmten knapp 60% f\u00fcr die Umbenennung der Dr.Danzebrink Strasse. \u00dcber 700 Personen stimmten f\u00fcr eine Umbenennung. F\u00fcr das B\u00fcndnis ist dies ein deutliches Signal. Eine \u00c4hnliche Resonanz hat B\u00fcndnis bei Ihrer Unterschriftssammlung. \u201e In Gespr\u00e4chen mit den B\u00fcrgern haben wir selten eine Ablehnung erhalten\u201c, so die Sprecher vom B\u00fcndnis. Das B\u00fcndnis begr\u00fc\u00dft nochmal ausdr\u00fccklich die Haltung der Stadt Fulda und Herrn Oberb\u00fcrgermeister M\u00f6ller in der Sache Danzebrink Strasse. Wir w\u00fcrden uns freuen wenn das B\u00fcndnis bei der Benennung der Kommission ber\u00fccksichtigt wird. \u201eWir werden in den n\u00e4chsten Tagen weiter aktiv f\u00fcr die Umbenennung der Dr.Danzebrink Strasse arbeiten, so die Stimmen aus dem B\u00fcndnis\u201c. Das B\u00fcndnis plant f\u00fcr den 15.05.2015 einen Aktionstag, auf dem Aktionstag wollen die B\u00fcndnisvertreter weiter f\u00fcr die Umbenennung der Dr.Danzebrink Strasse werben. Im weiterem wird es von Seiten des B\u00fcndnisses Aufkl\u00e4rungsmaterial zum Thema Rechtsextremismus, Identit\u00e4re Bewegung geben. \u201e Wir wollen in Zukunft breiter \u00fcber rechtsextreme Strukturen aufkl\u00e4ren und werden einiges an Material zur Verf\u00fcgung stellen \u201e so der Sprecherkreis.<\/p>\n","protected":false},"excerpt":{"rendered":"<div class=\"tmnf_excerpt\"><p>Ein eindeutiges Votum zeigt die Abstimmung einer Fuldaer Tageszeitung auf Ihrer Online \u2013 Seite zur Umbenennung der Dr. Danzebrink Strasse in Fulda. Seit Freitag stimmten knapp 60% f\u00fcr die Umbenennung der Dr.Danzebrink Strasse. \u00dcber 700 Personen stimmten f\u00fcr eine Umbenennung. F\u00fcr das B\u00fcndnis ist dies ein deutliches Signal. Eine \u00c4hnliche Resonanz hat B\u00fcndnis bei Ihrer &hellip;<\/p>\n<\/div>","protected":false},"author":1,"featured_media":138502,"comment_status":"closed","ping_status":"closed","sticky":false,"template":"","format":"standard","meta":{"footnotes":""},"categories":[1,29],"tags":[],"class_list":["post-138501","post","type-post","status-publish","format-standard","has-post-thumbnail","hentry","category-startseite","category-politik"],"_links":{"self":[{"href":"https:\/\/www.fuldaernachrichten.de\/index.php?rest_route=\/wp\/v2\/posts\/138501","targetHints":{"allow":["GET"]}}],"collection":[{"href":"https:\/\/www.fuldaernachrichten.de\/index.php?rest_route=\/wp\/v2\/posts"}],"about":[{"href":"https:\/\/www.fuldaernachrichten.de\/index.php?rest_route=\/wp\/v2\/types\/post"}],"author":[{"embeddable":true,"href":"https:\/\/www.fuldaernachrichten.de\/index.php?rest_route=\/wp\/v2\/users\/1"}],"replies":[{"embeddable":true,"href":"https:\/\/www.fuldaernachrichten.de\/index.php?rest_route=%2Fwp%2Fv2%2Fcomments&post=138501"}],"version-history":[{"count":1,"href":"https:\/\/www.fuldaernachrichten.de\/index.php?rest_route=\/wp\/v2\/posts\/138501\/revisions"}],"predecessor-version":[{"id":138503,"href":"https:\/\/www.fuldaernachrichten.de\/index.php?rest_route=\/wp\/v2\/posts\/138501\/revisions\/138503"}],"wp:featuredmedia":[{"embeddable":true,"href":"https:\/\/www.fuldaernachrichten.de\/index.php?rest_route=\/wp\/v2\/media\/138502"}],"wp:attachment":[{"href":"https:\/\/www.fuldaernachrichten.de\/index.php?rest_route=%2Fwp%2Fv2%2Fmedia&parent=138501"}],"wp:term":[{"taxonomy":"category","embeddable":true,"href":"https:\/\/www.fuldaernachrichten.de\/index.php?rest_route=%2Fwp%2Fv2%2Fcategories&post=138501"},{"taxonomy":"post_tag","embeddable":true,"href":"https:\/\/www.fuldaernachrichten.de\/index.php?rest_route=%2Fwp%2Fv2%2Ftags&post=138501"}],"curies":[{"name":"wp","href":"https:\/\/api.w.org\/{rel}","templated":true}]}}