{"id":138499,"date":"2015-05-12T17:19:51","date_gmt":"2015-05-12T15:19:51","guid":{"rendered":"http:\/\/www.fuldaer-nachrichten.de\/?p=138499"},"modified":"2015-05-12T17:19:51","modified_gmt":"2015-05-12T15:19:51","slug":"bewegungsparcours-fuer-alle","status":"publish","type":"post","link":"https:\/\/www.fuldaernachrichten.de\/?p=138499","title":{"rendered":"Bewegungsparcours f\u00fcr alle"},"content":{"rendered":"<p>Bewegung ist gesund und macht gemeinsam mit anderen mehr Spa\u00df. Seit Herbst 2014 gibt es in der Fuldaaue einen Bewegungsparcour. Die \u201eSpielger\u00e4te\u201c sind nicht nur eine optische Bereicherung des Aueparks sondern sollen auch aktiv genutzt werden. Unter Anleitung einer erfahrenen \u00dcbungsleiterin werden am Donnerstag, den 21. Mai, um 10:00 Uhr die Ger\u00e4te ausprobiert. Treffpunkt ist der Bewegungsparcour gegen\u00fcber dem Umweltzentrum. Zum Umweltzentrum f\u00e4hrt die Buslinie 3, Haltestelle Hainzeller Stra\u00dfe oder Station.<\/p>\n","protected":false},"excerpt":{"rendered":"<div class=\"tmnf_excerpt\"><p>Bewegung ist gesund und macht gemeinsam mit anderen mehr Spa\u00df. Seit Herbst 2014 gibt es in der Fuldaaue einen Bewegungsparcour. Die \u201eSpielger\u00e4te\u201c sind nicht nur eine optische Bereicherung des Aueparks sondern sollen auch aktiv genutzt werden. Unter Anleitung einer erfahrenen \u00dcbungsleiterin werden am Donnerstag, den 21. Mai, um 10:00 Uhr die Ger\u00e4te ausprobiert. Treffpunkt ist &hellip;<\/p>\n<\/div>","protected":false},"author":1,"featured_media":138509,"comment_status":"closed","ping_status":"closed","sticky":false,"template":"","format":"standard","meta":{"footnotes":""},"categories":[1,51],"tags":[],"class_list":["post-138499","post","type-post","status-publish","format-standard","has-post-thumbnail","hentry","category-startseite","category-medizin"],"_links":{"self":[{"href":"https:\/\/www.fuldaernachrichten.de\/index.php?rest_route=\/wp\/v2\/posts\/138499","targetHints":{"allow":["GET"]}}],"collection":[{"href":"https:\/\/www.fuldaernachrichten.de\/index.php?rest_route=\/wp\/v2\/posts"}],"about":[{"href":"https:\/\/www.fuldaernachrichten.de\/index.php?rest_route=\/wp\/v2\/types\/post"}],"author":[{"embeddable":true,"href":"https:\/\/www.fuldaernachrichten.de\/index.php?rest_route=\/wp\/v2\/users\/1"}],"replies":[{"embeddable":true,"href":"https:\/\/www.fuldaernachrichten.de\/index.php?rest_route=%2Fwp%2Fv2%2Fcomments&post=138499"}],"version-history":[{"count":1,"href":"https:\/\/www.fuldaernachrichten.de\/index.php?rest_route=\/wp\/v2\/posts\/138499\/revisions"}],"predecessor-version":[{"id":138512,"href":"https:\/\/www.fuldaernachrichten.de\/index.php?rest_route=\/wp\/v2\/posts\/138499\/revisions\/138512"}],"wp:featuredmedia":[{"embeddable":true,"href":"https:\/\/www.fuldaernachrichten.de\/index.php?rest_route=\/wp\/v2\/media\/138509"}],"wp:attachment":[{"href":"https:\/\/www.fuldaernachrichten.de\/index.php?rest_route=%2Fwp%2Fv2%2Fmedia&parent=138499"}],"wp:term":[{"taxonomy":"category","embeddable":true,"href":"https:\/\/www.fuldaernachrichten.de\/index.php?rest_route=%2Fwp%2Fv2%2Fcategories&post=138499"},{"taxonomy":"post_tag","embeddable":true,"href":"https:\/\/www.fuldaernachrichten.de\/index.php?rest_route=%2Fwp%2Fv2%2Ftags&post=138499"}],"curies":[{"name":"wp","href":"https:\/\/api.w.org\/{rel}","templated":true}]}}