{"id":138497,"date":"2015-05-12T09:40:40","date_gmt":"2015-05-12T07:40:40","guid":{"rendered":"http:\/\/www.fuldaer-nachrichten.de\/?p=138497"},"modified":"2015-05-12T09:40:40","modified_gmt":"2015-05-12T07:40:40","slug":"eroeffnung-der-wanderausstellung-200-jahre-emanzipation-der-juden-in-fulda","status":"publish","type":"post","link":"https:\/\/www.fuldaernachrichten.de\/?p=138497","title":{"rendered":"Er\u00f6ffnung der Wanderausstellung \u201e200 Jahre Emanzipation der Juden in Fulda\u201c"},"content":{"rendered":"<p>Die im vergangenen Herbst im Vonderau-Museum Fulda gezeigte Ausstellung steht jetzt\u00c2\u00a0 als mobile Wanderausstellung Schulen und kulturellen Institutionen zur Verf\u00fcgung. Sie umfasst die Themen \u201eStationen der Emanzipation der Juden im 19. Jahrhundert\u201c und macht\u00c2\u00a0 die Bedeutung j\u00fcdischer Einzelpers\u00f6nlichkeiten und Unternehmen f\u00fcr die wirtschaftliche und kulturelle Entwicklung der Region deutlich. In gro\u00dfformatigen Fotoreproduktionen von Stra\u00dfenz\u00fcgen und Geb\u00e4uden wird die Pr\u00e4senz j\u00fcdischen Lebens in Fulda und in den Landgemeinden sichtbar. Informationsfahnen vertiefen die Bedeutung der Religion f\u00fcr den j\u00fcdischen Alltag. Die Ausstellung ist so mobil gestaltet, dass sie nach Themenauswahl oder auch nach den vorhandenen R\u00e4umlichkeiten flexibel aufgestellt werden kann.<\/p>\n","protected":false},"excerpt":{"rendered":"<div class=\"tmnf_excerpt\"><p>Die im vergangenen Herbst im Vonderau-Museum Fulda gezeigte Ausstellung steht jetzt\u00c2\u00a0 als mobile Wanderausstellung Schulen und kulturellen Institutionen zur Verf\u00fcgung. Sie umfasst die Themen \u201eStationen der Emanzipation der Juden im 19. Jahrhundert\u201c und macht\u00c2\u00a0 die Bedeutung j\u00fcdischer Einzelpers\u00f6nlichkeiten und Unternehmen f\u00fcr die wirtschaftliche und kulturelle Entwicklung der Region deutlich. In gro\u00dfformatigen Fotoreproduktionen von Stra\u00dfenz\u00fcgen und &hellip;<\/p>\n<\/div>","protected":false},"author":1,"featured_media":0,"comment_status":"closed","ping_status":"closed","sticky":false,"template":"","format":"standard","meta":{"footnotes":""},"categories":[1,44],"tags":[],"class_list":["post-138497","post","type-post","status-publish","format-standard","hentry","category-startseite","category-kultur"],"_links":{"self":[{"href":"https:\/\/www.fuldaernachrichten.de\/index.php?rest_route=\/wp\/v2\/posts\/138497","targetHints":{"allow":["GET"]}}],"collection":[{"href":"https:\/\/www.fuldaernachrichten.de\/index.php?rest_route=\/wp\/v2\/posts"}],"about":[{"href":"https:\/\/www.fuldaernachrichten.de\/index.php?rest_route=\/wp\/v2\/types\/post"}],"author":[{"embeddable":true,"href":"https:\/\/www.fuldaernachrichten.de\/index.php?rest_route=\/wp\/v2\/users\/1"}],"replies":[{"embeddable":true,"href":"https:\/\/www.fuldaernachrichten.de\/index.php?rest_route=%2Fwp%2Fv2%2Fcomments&post=138497"}],"version-history":[{"count":1,"href":"https:\/\/www.fuldaernachrichten.de\/index.php?rest_route=\/wp\/v2\/posts\/138497\/revisions"}],"predecessor-version":[{"id":138498,"href":"https:\/\/www.fuldaernachrichten.de\/index.php?rest_route=\/wp\/v2\/posts\/138497\/revisions\/138498"}],"wp:attachment":[{"href":"https:\/\/www.fuldaernachrichten.de\/index.php?rest_route=%2Fwp%2Fv2%2Fmedia&parent=138497"}],"wp:term":[{"taxonomy":"category","embeddable":true,"href":"https:\/\/www.fuldaernachrichten.de\/index.php?rest_route=%2Fwp%2Fv2%2Fcategories&post=138497"},{"taxonomy":"post_tag","embeddable":true,"href":"https:\/\/www.fuldaernachrichten.de\/index.php?rest_route=%2Fwp%2Fv2%2Ftags&post=138497"}],"curies":[{"name":"wp","href":"https:\/\/api.w.org\/{rel}","templated":true}]}}