{"id":138489,"date":"2015-05-11T20:58:24","date_gmt":"2015-05-11T18:58:24","guid":{"rendered":"http:\/\/www.fuldaer-nachrichten.de\/?p=138489"},"modified":"2015-05-11T20:58:24","modified_gmt":"2015-05-11T18:58:24","slug":"die-winfridia-konzertiert-ohne-orchester","status":"publish","type":"post","link":"https:\/\/www.fuldaernachrichten.de\/?p=138489","title":{"rendered":"Die Winfridia konzertiert ohne Orchester"},"content":{"rendered":"<p>Die Winfridia \u2013 der Konzertchor der Stadt Fulda &#8211; ist bekannt fu\u00cc\u02c6r ihre Konzerte mit Orchestern und Solisten in gro\u00dfen S\u00e4alen und Kirchen. Umso spannender wird es, wenn der Chor am 14. Juni 2015 mit Werken wie Rachmaninoffs \u201cBogoroditsye Dyevo\u00e2\u20ac\u009d, Mendelssohns \u201cMorgengebet\u00e2\u20ac\u009d, Bruckners \u201cLocus iste\u00e2\u20ac\u009d oder auch Haydns \u201cDu bist&#8217;s\u00e2\u20ac\u009d in der Kirche auf dem Florenberg klassisches Kammerchorrepertoire pr\u00e4sentiert. Gemeinsam mit Regionalkantor Ulrich Moormann an der historischen Sauer-Gottwald-Orgel wird der Chor aber auch Auszu\u00cc\u02c6ge aus dem Elias, dem Brahms-Requiem oder Bernsteins Chichester Psalms sowie Gabriel Faures &#8220;Cantique de Jean Racine\u00e2\u20ac\u009d erklingen lassen.<\/p>\n<p>Unter der Schirmherrschaft des designierten Ku\u00cc\u02c6nzeller Bu\u00cc\u02c6rgermeisters Timo Zentgraf laden der St\u00e4dtische Konzertchor Winfridia Fulda und der F\u00f6rderverein Florenberg zu einem Ausflug auf dem Florenberg ein. Das kurzweilige musikalische Programm in der Kirche wird durch ein kulinarisches Angebot des F\u00f6rdervereins Florenberg in den umliegenden Geb\u00e4uden erg\u00e4nzt. Ein Spielplatz und die wunderbaren Au\u00dfenanlagen bieten vergnu\u00cc\u02c6gliche M\u00f6glichkeiten fu\u00cc\u02c6r einen genu\u00cc\u02c6sslichen Sonntagnachmittag mit der ganzen Familie.<\/p>\n<p>Das Konzert wird zu 3 verschiedenen Uhrzeiten \u2013 um 13, 15 und 17 Uhr &#8211; angeboten und dauert jeweils etwa 1 Stunde. Karten mit freier Platzwahl zu 10,-\u00e2\u201a\u00ac (erm\u00e4\u00dfigt 5\u00e2\u201a\u00ac fu\u00cc\u02c6r Schu\u00cc\u02c6ler, Studenten und Schwerbehinderte , Kinder &lt;11 Jahren frei) sind im Vorverkauf ab dem 22. Mai in der Turm-Apotheke am Bachrain und in der Stadt-Apotheke in der Fuldaer Bahnhofstra\u00dfe oder u\u00cc\u02c6ber vorstand@konzertchor-fulda.de erh\u00e4ltlich. Fu\u00cc\u02c6r diese Karten wird ein Sitzplatz garantiert, an der Tageskasse werden weitere verfu\u00cc\u02c6gbare Sitzpl\u00e4tze und Stehpl\u00e4tze zu 5\u00e2\u201a\u00ac angeboten werden. Einlass wird jeweils eine halbe Stunde vor Konzertbeginn sein.<\/p>\n<p>\u201eIch hoffe sehr, dass zahlreiche Zuh\u00f6rer auch spontan den Weg zu uns finden werden.\u201c meint Dirigent Carsten Rupp und verspricht: \u201eDie Kirche am Florenberg bietet einen wunderbaren, fast schon privaten Rahmen und es ist eine ganz besondere Stimmung, wenn Chor und Publikum so dicht beisammen sind. Das wird sicherlich entsch\u00e4digen, wenn es so voll wird, dass wir nicht allen Zuh\u00f6rern Sitzgelegenheiten anbieten k\u00f6nnen.\u201c<br \/>\nDie Reihe der Florenbergkonzerte wird seit mehreren Jahren regelm\u00e4\u00dfig vom F\u00f6rderverein Florenberg gemeinsam mit dem bisch\u00f6flichen Kirchenmusikinstitut Fulda veranstaltet. Der St\u00e4dtische Konzertchor ist hierbei erstmalig zu Gast und er\u00f6ffnet musikalisch die Feierlichkeiten zum 500 Jubil\u00e4um der Kirche auf dem Florenberg, welche im September mit einem vielf\u00e4ltigen Programm weitergefu\u00cc\u02c6hrt werden.<\/p>\n","protected":false},"excerpt":{"rendered":"<div class=\"tmnf_excerpt\"><p>Die Winfridia \u2013 der Konzertchor der Stadt Fulda &#8211; ist bekannt fu\u00cc\u02c6r ihre Konzerte mit Orchestern und Solisten in gro\u00dfen S\u00e4alen und Kirchen. Umso spannender wird es, wenn der Chor am 14. Juni 2015 mit Werken wie Rachmaninoffs \u201cBogoroditsye Dyevo\u00e2\u20ac\u009d, Mendelssohns \u201cMorgengebet\u00e2\u20ac\u009d, Bruckners \u201cLocus iste\u00e2\u20ac\u009d oder auch Haydns \u201cDu bist&#8217;s\u00e2\u20ac\u009d in der Kirche auf dem &hellip;<\/p>\n<\/div>","protected":false},"author":1,"featured_media":0,"comment_status":"closed","ping_status":"closed","sticky":false,"template":"","format":"standard","meta":{"footnotes":""},"categories":[1,44],"tags":[],"class_list":["post-138489","post","type-post","status-publish","format-standard","hentry","category-startseite","category-kultur"],"_links":{"self":[{"href":"https:\/\/www.fuldaernachrichten.de\/index.php?rest_route=\/wp\/v2\/posts\/138489","targetHints":{"allow":["GET"]}}],"collection":[{"href":"https:\/\/www.fuldaernachrichten.de\/index.php?rest_route=\/wp\/v2\/posts"}],"about":[{"href":"https:\/\/www.fuldaernachrichten.de\/index.php?rest_route=\/wp\/v2\/types\/post"}],"author":[{"embeddable":true,"href":"https:\/\/www.fuldaernachrichten.de\/index.php?rest_route=\/wp\/v2\/users\/1"}],"replies":[{"embeddable":true,"href":"https:\/\/www.fuldaernachrichten.de\/index.php?rest_route=%2Fwp%2Fv2%2Fcomments&post=138489"}],"version-history":[{"count":1,"href":"https:\/\/www.fuldaernachrichten.de\/index.php?rest_route=\/wp\/v2\/posts\/138489\/revisions"}],"predecessor-version":[{"id":138490,"href":"https:\/\/www.fuldaernachrichten.de\/index.php?rest_route=\/wp\/v2\/posts\/138489\/revisions\/138490"}],"wp:attachment":[{"href":"https:\/\/www.fuldaernachrichten.de\/index.php?rest_route=%2Fwp%2Fv2%2Fmedia&parent=138489"}],"wp:term":[{"taxonomy":"category","embeddable":true,"href":"https:\/\/www.fuldaernachrichten.de\/index.php?rest_route=%2Fwp%2Fv2%2Fcategories&post=138489"},{"taxonomy":"post_tag","embeddable":true,"href":"https:\/\/www.fuldaernachrichten.de\/index.php?rest_route=%2Fwp%2Fv2%2Ftags&post=138489"}],"curies":[{"name":"wp","href":"https:\/\/api.w.org\/{rel}","templated":true}]}}