{"id":138472,"date":"2015-05-11T18:55:13","date_gmt":"2015-05-11T16:55:13","guid":{"rendered":"http:\/\/www.fuldaer-nachrichten.de\/?p=138472"},"modified":"2015-05-11T18:55:13","modified_gmt":"2015-05-11T16:55:13","slug":"fuehrung-fulda-in-der-stunde-null","status":"publish","type":"post","link":"https:\/\/www.fuldaernachrichten.de\/?p=138472","title":{"rendered":"F\u00fchrung \u201eFulda in der Stunde Null\u201c"},"content":{"rendered":"<p>Der Fuldaer Geschichtsverein l\u00e4dt ein zu einer F\u00fchrung \u201eFulda in der Stunde Null\u201c unter der Leitung von Martha Rathmann und Elisabeth Heil.<\/p>\n<p>Die F\u00fchrung &#8220;Fulda in der Stunde Null&#8221; f\u00fchrt zu Orten, die daran erinnern, wie die Menschen in Fulda das Kriegsende und den Zusammenbruch des Nationalsozialismus 1945 erlebten: Fliegerangriffe und Zwangsarbeit, Ruinen und Besatzung, Pl\u00fcnderungen und Lebensmittelrationierungen. Wie sahen die Fuldaer den Zusammenbruch &#8211; wie gestalteten sie den Neuanfang? Auch Zeitzeugen, deren Erfahrungen \u00fcberliefert sind, werden bei dieser F\u00fchrung in die j\u00fcngere deutsche Geschichte zu Wort kommen.<\/p>\n<p>Die Veranstaltung findet am Samstag, 16. Mai 2015, um 15.00 Uhr, statt. Treffpunkt ist am Haupteingang des Zentralfriedhofes (gegen\u00fcber Blumen-Neuhann). Das Ende der F\u00fchrung ist\u00c2\u00a0\u00c2\u00a0\u00c2\u00a0\u00c2\u00a0\u00c2\u00a0\u00c2\u00a0\u00c2\u00a0\u00c2\u00a0 am Mahnmal an der Michaelskirche. Die F\u00fchrung dauert zwei Stunden.<\/p>\n","protected":false},"excerpt":{"rendered":"<div class=\"tmnf_excerpt\"><p>Der Fuldaer Geschichtsverein l\u00e4dt ein zu einer F\u00fchrung \u201eFulda in der Stunde Null\u201c unter der Leitung von Martha Rathmann und Elisabeth Heil. Die F\u00fchrung &#8220;Fulda in der Stunde Null&#8221; f\u00fchrt zu Orten, die daran erinnern, wie die Menschen in Fulda das Kriegsende und den Zusammenbruch des Nationalsozialismus 1945 erlebten: Fliegerangriffe und Zwangsarbeit, Ruinen und Besatzung, &hellip;<\/p>\n<\/div>","protected":false},"author":1,"featured_media":0,"comment_status":"closed","ping_status":"closed","sticky":false,"template":"","format":"standard","meta":{"footnotes":""},"categories":[1],"tags":[],"class_list":["post-138472","post","type-post","status-publish","format-standard","hentry","category-startseite"],"_links":{"self":[{"href":"https:\/\/www.fuldaernachrichten.de\/index.php?rest_route=\/wp\/v2\/posts\/138472","targetHints":{"allow":["GET"]}}],"collection":[{"href":"https:\/\/www.fuldaernachrichten.de\/index.php?rest_route=\/wp\/v2\/posts"}],"about":[{"href":"https:\/\/www.fuldaernachrichten.de\/index.php?rest_route=\/wp\/v2\/types\/post"}],"author":[{"embeddable":true,"href":"https:\/\/www.fuldaernachrichten.de\/index.php?rest_route=\/wp\/v2\/users\/1"}],"replies":[{"embeddable":true,"href":"https:\/\/www.fuldaernachrichten.de\/index.php?rest_route=%2Fwp%2Fv2%2Fcomments&post=138472"}],"version-history":[{"count":1,"href":"https:\/\/www.fuldaernachrichten.de\/index.php?rest_route=\/wp\/v2\/posts\/138472\/revisions"}],"predecessor-version":[{"id":138480,"href":"https:\/\/www.fuldaernachrichten.de\/index.php?rest_route=\/wp\/v2\/posts\/138472\/revisions\/138480"}],"wp:attachment":[{"href":"https:\/\/www.fuldaernachrichten.de\/index.php?rest_route=%2Fwp%2Fv2%2Fmedia&parent=138472"}],"wp:term":[{"taxonomy":"category","embeddable":true,"href":"https:\/\/www.fuldaernachrichten.de\/index.php?rest_route=%2Fwp%2Fv2%2Fcategories&post=138472"},{"taxonomy":"post_tag","embeddable":true,"href":"https:\/\/www.fuldaernachrichten.de\/index.php?rest_route=%2Fwp%2Fv2%2Ftags&post=138472"}],"curies":[{"name":"wp","href":"https:\/\/api.w.org\/{rel}","templated":true}]}}