{"id":138467,"date":"2015-05-11T18:44:07","date_gmt":"2015-05-11T16:44:07","guid":{"rendered":"http:\/\/www.fuldaer-nachrichten.de\/?p=138467"},"modified":"2015-05-11T18:44:07","modified_gmt":"2015-05-11T16:44:07","slug":"englisch-grundstufe","status":"publish","type":"post","link":"https:\/\/www.fuldaernachrichten.de\/?p=138467","title":{"rendered":"Englisch-Grundstufe"},"content":{"rendered":"<p>Die Volkshochschule des Landkreises Fulda bietet einen Kurs f\u00fcr interessierte Teilnehmer an, die \u00fcber Grundkenntnisse der englischen Sprache verf\u00fcgen, wie man diese zum Beispiel in zwei Semestern Erwachsenenbildung erwirbt. Beginn ist am Dienstag, 2. Juni, um 18.15 Uhr im Georg-Stieler-Haus in Fulda, Gallasiniring 1. Vorherige Anmeldung ist nicht erforderlich. Infos unter www.vhs-fulda.de oder bei der VHS-Gesch\u00e4ftsstelle, Telefon (0661)25199-0.<\/p>\n","protected":false},"excerpt":{"rendered":"<div class=\"tmnf_excerpt\"><p>Die Volkshochschule des Landkreises Fulda bietet einen Kurs f\u00fcr interessierte Teilnehmer an, die \u00fcber Grundkenntnisse der englischen Sprache verf\u00fcgen, wie man diese zum Beispiel in zwei Semestern Erwachsenenbildung erwirbt. Beginn ist am Dienstag, 2. Juni, um 18.15 Uhr im Georg-Stieler-Haus in Fulda, Gallasiniring 1. Vorherige Anmeldung ist nicht erforderlich. Infos unter www.vhs-fulda.de oder bei der &hellip;<\/p>\n<\/div>","protected":false},"author":1,"featured_media":0,"comment_status":"closed","ping_status":"closed","sticky":false,"template":"","format":"standard","meta":{"footnotes":""},"categories":[1,53],"tags":[],"class_list":["post-138467","post","type-post","status-publish","format-standard","hentry","category-startseite","category-bildung"],"_links":{"self":[{"href":"https:\/\/www.fuldaernachrichten.de\/index.php?rest_route=\/wp\/v2\/posts\/138467","targetHints":{"allow":["GET"]}}],"collection":[{"href":"https:\/\/www.fuldaernachrichten.de\/index.php?rest_route=\/wp\/v2\/posts"}],"about":[{"href":"https:\/\/www.fuldaernachrichten.de\/index.php?rest_route=\/wp\/v2\/types\/post"}],"author":[{"embeddable":true,"href":"https:\/\/www.fuldaernachrichten.de\/index.php?rest_route=\/wp\/v2\/users\/1"}],"replies":[{"embeddable":true,"href":"https:\/\/www.fuldaernachrichten.de\/index.php?rest_route=%2Fwp%2Fv2%2Fcomments&post=138467"}],"version-history":[{"count":1,"href":"https:\/\/www.fuldaernachrichten.de\/index.php?rest_route=\/wp\/v2\/posts\/138467\/revisions"}],"predecessor-version":[{"id":138468,"href":"https:\/\/www.fuldaernachrichten.de\/index.php?rest_route=\/wp\/v2\/posts\/138467\/revisions\/138468"}],"wp:attachment":[{"href":"https:\/\/www.fuldaernachrichten.de\/index.php?rest_route=%2Fwp%2Fv2%2Fmedia&parent=138467"}],"wp:term":[{"taxonomy":"category","embeddable":true,"href":"https:\/\/www.fuldaernachrichten.de\/index.php?rest_route=%2Fwp%2Fv2%2Fcategories&post=138467"},{"taxonomy":"post_tag","embeddable":true,"href":"https:\/\/www.fuldaernachrichten.de\/index.php?rest_route=%2Fwp%2Fv2%2Ftags&post=138467"}],"curies":[{"name":"wp","href":"https:\/\/api.w.org\/{rel}","templated":true}]}}