{"id":138458,"date":"2015-05-11T18:42:36","date_gmt":"2015-05-11T16:42:36","guid":{"rendered":"http:\/\/www.fuldaer-nachrichten.de\/?p=138458"},"modified":"2015-05-11T18:42:36","modified_gmt":"2015-05-11T16:42:36","slug":"neues-leben-auf-dem-michaelshof-start-mit-21-fluechtlingen","status":"publish","type":"post","link":"https:\/\/www.fuldaernachrichten.de\/?p=138458","title":{"rendered":"Neues Leben auf dem Michaelshof: Start mit 21 Fl\u00fcchtlingen"},"content":{"rendered":"<p>Am Morgen des 6. Mai sind die ersten G\u00e4ste von der Wasserkuppe auf dem Michaelshof in Unterbernhards eingetroffen. Am Donnerstag kam noch ein Ehepaar aus Syrien direkt von der Landeserstaufnahme-stelle Gie\u00dfen hinzu. Die Spannung lag in der Luft: Wie werden die Fl\u00fcchtlinge ihre neue Lebensumgebung aufnehmen, wie wird es gelingen, die ersten Kontakte mit den Menschen vor Ort positiv zu gestalten? Die anf\u00e4nglichen Unsicherheiten konnte der neue Sozialarbeiter von Gr\u00fcmel e.V., Bernhard Bormann, gleich mit einem herzlichen \u201eWellcome\u201c in verschiedenen Sprachen \u00fcberwinden. Bormann ist zust\u00e4ndig f\u00fcr den Sozialdienst in der Unterkunft und ist auch die Br\u00fccke zur Bev\u00f6lkerung vor Ort.<\/p>\n<p>Zur Begr\u00fc\u00dfung der ersten Bewohner waren B\u00fcrgermeister Hubert Blum, Ortsvorsteher Ottmar Seng, Pfarrer Noll und Gemeindereferentin Maria Baumgarten gekommen. Mitgebracht haben sie einen bebilderten Willkommensgru\u00df. Freundliche Portraits, die demonstrativ ein Willkommensschild zeigen und damit signalisieren, dass sie die Unterbernhardser in der f\u00fcr alle neuen Situation tatkr\u00e4ftig unterst\u00fctzen wollen.<\/p>\n<p>Auf dem Michaelshof, wo nach dem 2. Weltkrieg zun\u00e4chst Jugendliche ihre Freizeiten verbrachten und sp\u00e4ter Familien Erholung suchten, finden die Fl\u00fcchtlinge eine nahezu perfekte Unterkunft und gesunde Umgebung vor. Mit dem vom Landkreis gestellten Kleinbus konnten alle Bewohner nach ihrer Ankunft bereits erste Eink\u00e4ufe machen, denn sie versorgen und verpflegen sich selbst.<\/p>\n<p>Sollte zun\u00e4chst die neue Busverbindung erst mit Beginn des n\u00e4chsten Schuljahres eingerichtet werden, so wird die Buslinie von Hilders nach H\u00fcnfeld nun schon ab dem 18. Mai in Betrieb genommen werden. Diese Verbesserung des \u00f6ffentlichen Nahverkehrs wird den Fl\u00fcchtlingen, wie allen Unterbernhardsern und den Einwohnern aus dem N\u00fcsttal zu Gute kommen.<\/p>\n<p>Wellcome-Barbecue als Eisbrecher<br \/>\nMit der Idee, gleich am Anfang eine erste Begegnungsm\u00f6glichkeit mit den Einheimischen zu schaffen, fanden die Unterbernhardser eine nette Einladung zu einem Willkommens-Grillabend in ihren Briefk\u00e4sten vor.<\/p>\n<p>\u201eWir freuen uns, die Bewohner von Unterbernhards und Umgebung kennenzulernen. Haben Sie Lust und Zeit, dann kommen Sie einfach dazu.\u201c Und dieser Einladung sind am Samstag abend dann tats\u00e4chlich eine gro\u00dfe Zahl aus dem Dorf gefolgt. Ein lockerer Abend mit vielen herzlichen Begegnungen und einer Vielzahl von Spezialit\u00e4ten &#8211; von den Bewohnern zubereitet und von den Dorfbewohner Mitgebrachtes &#8211; entwickelte sich.<\/p>\n<p>Auch wenn gleich zu Beginn des Festes der Regen einsetzte, so tat dies dem Fest keinen Abbruch. Spontan fand die Grillparty im Speisesaal des Michaelshofs seine Fortsetzung.<\/p>\n<p>Dass Sport verbindet, zeigten \u00fcbrigens einige Jugendliche aus dem Ort und Nachbargemeinden, indem sie sich schon in den ersten Tagen mit einigen der soeben eingetroffenen jungen M\u00e4nner bei einem Fu\u00dfballmatch auf dem Bolzplatz zusammen taten. So stie\u00df das Trainingsangebot der Vertreter der Sportgemeinschaft Eckweisbach, Gerhard Trapp und Uwe Sieberath gleich auf offene Ohren, gerade bei den jungen M\u00e4nnern unter den Fl\u00fcchtlingen. Dankbar haben sie den Ball samt Ballpumpe als kleines Gastgeschenk des SG Rot-Wei\u00df Eckweisbach entgegengenommen.<\/p>\n","protected":false},"excerpt":{"rendered":"<div class=\"tmnf_excerpt\"><p>Am Morgen des 6. Mai sind die ersten G\u00e4ste von der Wasserkuppe auf dem Michaelshof in Unterbernhards eingetroffen. Am Donnerstag kam noch ein Ehepaar aus Syrien direkt von der Landeserstaufnahme-stelle Gie\u00dfen hinzu. Die Spannung lag in der Luft: Wie werden die Fl\u00fcchtlinge ihre neue Lebensumgebung aufnehmen, wie wird es gelingen, die ersten Kontakte mit den &hellip;<\/p>\n<\/div>","protected":false},"author":1,"featured_media":138460,"comment_status":"closed","ping_status":"closed","sticky":false,"template":"","format":"standard","meta":{"footnotes":""},"categories":[1],"tags":[],"class_list":["post-138458","post","type-post","status-publish","format-standard","has-post-thumbnail","hentry","category-startseite"],"_links":{"self":[{"href":"https:\/\/www.fuldaernachrichten.de\/index.php?rest_route=\/wp\/v2\/posts\/138458","targetHints":{"allow":["GET"]}}],"collection":[{"href":"https:\/\/www.fuldaernachrichten.de\/index.php?rest_route=\/wp\/v2\/posts"}],"about":[{"href":"https:\/\/www.fuldaernachrichten.de\/index.php?rest_route=\/wp\/v2\/types\/post"}],"author":[{"embeddable":true,"href":"https:\/\/www.fuldaernachrichten.de\/index.php?rest_route=\/wp\/v2\/users\/1"}],"replies":[{"embeddable":true,"href":"https:\/\/www.fuldaernachrichten.de\/index.php?rest_route=%2Fwp%2Fv2%2Fcomments&post=138458"}],"version-history":[{"count":1,"href":"https:\/\/www.fuldaernachrichten.de\/index.php?rest_route=\/wp\/v2\/posts\/138458\/revisions"}],"predecessor-version":[{"id":138461,"href":"https:\/\/www.fuldaernachrichten.de\/index.php?rest_route=\/wp\/v2\/posts\/138458\/revisions\/138461"}],"wp:featuredmedia":[{"embeddable":true,"href":"https:\/\/www.fuldaernachrichten.de\/index.php?rest_route=\/wp\/v2\/media\/138460"}],"wp:attachment":[{"href":"https:\/\/www.fuldaernachrichten.de\/index.php?rest_route=%2Fwp%2Fv2%2Fmedia&parent=138458"}],"wp:term":[{"taxonomy":"category","embeddable":true,"href":"https:\/\/www.fuldaernachrichten.de\/index.php?rest_route=%2Fwp%2Fv2%2Fcategories&post=138458"},{"taxonomy":"post_tag","embeddable":true,"href":"https:\/\/www.fuldaernachrichten.de\/index.php?rest_route=%2Fwp%2Fv2%2Ftags&post=138458"}],"curies":[{"name":"wp","href":"https:\/\/api.w.org\/{rel}","templated":true}]}}