{"id":138448,"date":"2015-05-11T12:42:35","date_gmt":"2015-05-11T10:42:35","guid":{"rendered":"http:\/\/www.fuldaer-nachrichten.de\/?p=138448"},"modified":"2015-05-11T12:42:35","modified_gmt":"2015-05-11T10:42:35","slug":"eine-rose-fuer-jede-mutter","status":"publish","type":"post","link":"https:\/\/www.fuldaernachrichten.de\/?p=138448","title":{"rendered":"\u201eEine Rose f\u00fcr jede Mutter\u201c"},"content":{"rendered":"<p>Im Rahmen des Sonntagsfr\u00fchst\u00fccks im M\u00fctterrzentrum e. V. \u201eDer M\u00dcTZE\u201c am Muttertag<br \/>\nbekam jede Mutter eine Rose als Symbol f\u00fcr ihren t\u00e4glichen Einsatz, ihre M\u00fche, Geduld und Liebe innerhalb der Familie vom Vorstand \u00fcberreicht.<\/p>\n","protected":false},"excerpt":{"rendered":"<div class=\"tmnf_excerpt\"><p>Im Rahmen des Sonntagsfr\u00fchst\u00fccks im M\u00fctterrzentrum e. V. \u201eDer M\u00dcTZE\u201c am Muttertag bekam jede Mutter eine Rose als Symbol f\u00fcr ihren t\u00e4glichen Einsatz, ihre M\u00fche, Geduld und Liebe innerhalb der Familie vom Vorstand \u00fcberreicht.<\/p>\n<\/div>","protected":false},"author":1,"featured_media":138449,"comment_status":"closed","ping_status":"closed","sticky":false,"template":"","format":"standard","meta":{"footnotes":""},"categories":[1],"tags":[],"class_list":["post-138448","post","type-post","status-publish","format-standard","has-post-thumbnail","hentry","category-startseite"],"_links":{"self":[{"href":"https:\/\/www.fuldaernachrichten.de\/index.php?rest_route=\/wp\/v2\/posts\/138448","targetHints":{"allow":["GET"]}}],"collection":[{"href":"https:\/\/www.fuldaernachrichten.de\/index.php?rest_route=\/wp\/v2\/posts"}],"about":[{"href":"https:\/\/www.fuldaernachrichten.de\/index.php?rest_route=\/wp\/v2\/types\/post"}],"author":[{"embeddable":true,"href":"https:\/\/www.fuldaernachrichten.de\/index.php?rest_route=\/wp\/v2\/users\/1"}],"replies":[{"embeddable":true,"href":"https:\/\/www.fuldaernachrichten.de\/index.php?rest_route=%2Fwp%2Fv2%2Fcomments&post=138448"}],"version-history":[{"count":1,"href":"https:\/\/www.fuldaernachrichten.de\/index.php?rest_route=\/wp\/v2\/posts\/138448\/revisions"}],"predecessor-version":[{"id":138450,"href":"https:\/\/www.fuldaernachrichten.de\/index.php?rest_route=\/wp\/v2\/posts\/138448\/revisions\/138450"}],"wp:featuredmedia":[{"embeddable":true,"href":"https:\/\/www.fuldaernachrichten.de\/index.php?rest_route=\/wp\/v2\/media\/138449"}],"wp:attachment":[{"href":"https:\/\/www.fuldaernachrichten.de\/index.php?rest_route=%2Fwp%2Fv2%2Fmedia&parent=138448"}],"wp:term":[{"taxonomy":"category","embeddable":true,"href":"https:\/\/www.fuldaernachrichten.de\/index.php?rest_route=%2Fwp%2Fv2%2Fcategories&post=138448"},{"taxonomy":"post_tag","embeddable":true,"href":"https:\/\/www.fuldaernachrichten.de\/index.php?rest_route=%2Fwp%2Fv2%2Ftags&post=138448"}],"curies":[{"name":"wp","href":"https:\/\/api.w.org\/{rel}","templated":true}]}}