{"id":138445,"date":"2015-05-11T12:43:03","date_gmt":"2015-05-11T10:43:03","guid":{"rendered":"http:\/\/www.fuldaer-nachrichten.de\/?p=138445"},"modified":"2015-05-11T12:43:12","modified_gmt":"2015-05-11T10:43:12","slug":"schlitz-feiert-windpark","status":"publish","type":"post","link":"https:\/\/www.fuldaernachrichten.de\/?p=138445","title":{"rendered":"Schlitz feiert Windpark"},"content":{"rendered":"<p>Monatelang haben die B\u00fcrger den Bau der Windkraftanlagen verfolgt: Schwerlasttransporte durchquerten die Ortschaft Rimbach, Waldwege wurden verbreitert und schlie\u00dflich wuchsen die T\u00fcrme \u00fcber die Baumspitzen hinaus. Im Wald von Schlitz sind zw\u00f6lf Windenergieanlagen vom Typ GE Wind Energy 2.5-120 mit 139 Meter Nabenh\u00f6he und je 2,5 Megawatt Nennleistung entstanden, deren Fl\u00fcgel sich seit Februar drehen. Mitten im Wald produzieren sie nun so viel sauberen Strom wie 62.000 Menschen in ihren Wohnungen verbrauchen.<\/p>\n<p>Am Samstag hatten alle B\u00fcrger der Stadt Schlitz und der umliegenden Gemeinden im Vogelsberg die M\u00f6glichkeit, sich ihre Windkraftanlagen aus der N\u00e4he anzusehen. Die Stadt Schlitz, der Investor Talanx AG, das am Bau beteiligte Schlitzer Unternehmen CC B\u00e4uml und der Projektentwickler ABO Wind hatten zu einem Einweihungsfest eingeladen. Zum Auftakt f\u00fchrte ABO Wind-Projektleiter Manuel Schmuck, der die Anlagen geplant hat, interessierte G\u00e4ste bei einer Wanderung durch den Windpark. Gemeinsam \u00fcberzeugten sich die Besucher vom vertr\u00e4glichen Miteinander von Windkraft, Tieren und Pflanzen im Wald. \u201eEin Eingriff in die Natur war n\u00f6tig, um die Anlagen zu errichten\u201c, sagte Manuel Schmuck. \u201eUnser Hauptaugenmerk bei der Planung lag darauf, ihn so gering wie m\u00f6glich zu halten und so die Artenvielfalt zu sch\u00fctzen.\u201c Jetzt, nach Fertigstellung, f\u00fcgen sich die Windkraftanlagen in den Wald ein. Schmuck berichtete: \u201eUntersuchungen haben ergeben, dass beispielsweise Wildtiere Windkraftanlagen nicht meiden.\u201c Aufmerksame Beobachter werden den vertrauten Tierarten also auch zuk\u00fcnftig im Berngeroder Forst begegnen.<\/p>\n<p>Im Gru\u00dfwort zur Er\u00f6ffnung des Windparks sagte B\u00fcrgermeister Hans-J\u00fcrgen Sch\u00e4fer, dass Schlitz sich \u2013 noch vor der Regionalplanung \u2013 aus eigenem Interesse f\u00fcr die Windkraftanlagen an diesem Standort entschieden habe. \u201eAlle B\u00fcrger sollen damit leben k\u00f6nnen und davon profitieren\u201c, sagte er. Sein besonderer Dank galt den Bewohnern des Ortsteils Rimbach f\u00fcr die Geduld w\u00e4hrend der Bauphase und ABO Wind f\u00fcr die sehr angenehme Zusammenarbeit.<\/p>\n<p>Um interessierten Anwohnern die Gelegenheit zu geben, am Erfolg des Windparks teilzuhaben, bietet die Sparkasse Oberhessen exklusiv einen Sparbrief an. \u201eWir m\u00f6chten B\u00fcrgern erm\u00f6glichen, im Kleinen das mitzutragen, was die Stadt im Gro\u00dfen tut\u201c, betonte Sch\u00e4fer. B\u00fcrger der Stadt Schlitz, der Stadt Grebenau und der Gemeinde Breitenbach am Herzberg sowie aller Ortsteile k\u00f6nnen ab sofort zwischen 1.000 und 10.000 Euro zeichnen. Der Windpark-Sparbrief wird mit 1,2 Prozent j\u00e4hrlich verzinst und hat eine Laufzeit von drei Jahren. Er ist auf ein Gesamtvolumen von einer Million Euro begrenzt. Er kann ausschlie\u00dflich im KompetenzCentrum Schlitz und in der Filiale Grebenau bis zum 29. Mai 2015 gezeichnet werden. Dort gibt es auch weitere Informationen. Sollten die Zeichnungsw\u00fcnsche das Volumen \u00fcberschreiten, gibt es ein Zuteilungsverfahren.<\/p>\n<p>Gekauft hat den Windpark die Versicherungsgruppe Talanx mit Hauptsitz in Hannover. \u201eDie Investition in Windkraftanlagen bietet uns als Versicherer eine attraktive Rendite bei vertretbarem Risiko. Dabei geht es uns nicht um gr\u00f6\u00dftm\u00f6gliche Gewinne, sondern um eine solide Geldanlage im Interesse unserer Kunden\u201c, erkl\u00e4rte Dr. Bernhard Graeber, Leiter der Abteilung f\u00fcr Infrastruktur-Investments bei Talanx. \u201eDas aktuelle Niedrigzinsumfeld macht es uns zunehmend schwer, die garantierten Zinsen f\u00fcr die Versicherten zu erwirtschaften. Der Windpark hilft uns dabei und leistet gleichzeitig einen kleinen Beitrag zur Energiewende.\u201c<\/p>\n<p>Binnen drei Jahren ist der Windpark in Schlitz-Berngerode entstanden \u2013 von der ersten Planung bis zur Inbetriebnahme. Urta Steinh\u00e4user, Mitglied der Gesch\u00e4ftsleitung von ABO Wind, betonte:\u00c2\u00a0 \u201eDas ist hervorragend f\u00fcr einen Windpark dieser Gr\u00f6\u00dfe.\u201c Ein solches Projekt k\u00f6nne nur in gegenseitigem Vertrauen zwischen den B\u00fcrgern, der Gemeinde und dem Planer erfolgreich entstehen. Sie dankte dem B\u00fcrgermeister f\u00fcr die Offenheit und Verl\u00e4sslichkeit und den B\u00fcrgern f\u00fcr ihren Langmut: \u201eEin solcher Bau verursacht Schmutz und L\u00e4rm und ist zweifellos eine Belastung f\u00fcr alle Anwohner. Umso mehr w\u00fcnschen wir uns, dass Sie alle jetzt in guter Nachbarschaft zu den Anlagen leben werden. Sie unterst\u00fctzen den Klimaschutz vor der eigenen Haust\u00fcr. Daf\u00fcr danken wir Ihnen.\u201c<\/p>\n<p>Rund um eine der zw\u00f6lf Windkraftanlagen wurde im Anschluss an die Gru\u00dfworte ein Familienfest gefeiert, das alle Beteiligten mit viel Herzblut gestaltet hatten. Der Posaunenchor aus Queck sorgte f\u00fcr musikalische Unterhaltung; die Gastgeber grillten W\u00fcrstchen und verkauften Kuchen. Mitarbeiter von CC B\u00e4uml und ABO Wind organisierten einen Luftballonwettbewerb und Besichtigungen des Anlagenturms. Die Fachleute beantworteten alle Fragen der interessierten Besucher. Der Erl\u00f6s aus dem Verkauf von Speisen und Getr\u00e4nken geht als Spende an die Kinderkrebshilfe Schlitz.<\/p>\n","protected":false},"excerpt":{"rendered":"<div class=\"tmnf_excerpt\"><p>Monatelang haben die B\u00fcrger den Bau der Windkraftanlagen verfolgt: Schwerlasttransporte durchquerten die Ortschaft Rimbach, Waldwege wurden verbreitert und schlie\u00dflich wuchsen die T\u00fcrme \u00fcber die Baumspitzen hinaus. Im Wald von Schlitz sind zw\u00f6lf Windenergieanlagen vom Typ GE Wind Energy 2.5-120 mit 139 Meter Nabenh\u00f6he und je 2,5 Megawatt Nennleistung entstanden, deren Fl\u00fcgel sich seit Februar drehen. &hellip;<\/p>\n<\/div>","protected":false},"author":1,"featured_media":138451,"comment_status":"closed","ping_status":"closed","sticky":false,"template":"","format":"standard","meta":{"footnotes":""},"categories":[1,52],"tags":[],"class_list":["post-138445","post","type-post","status-publish","format-standard","has-post-thumbnail","hentry","category-startseite","category-umwelt"],"_links":{"self":[{"href":"https:\/\/www.fuldaernachrichten.de\/index.php?rest_route=\/wp\/v2\/posts\/138445","targetHints":{"allow":["GET"]}}],"collection":[{"href":"https:\/\/www.fuldaernachrichten.de\/index.php?rest_route=\/wp\/v2\/posts"}],"about":[{"href":"https:\/\/www.fuldaernachrichten.de\/index.php?rest_route=\/wp\/v2\/types\/post"}],"author":[{"embeddable":true,"href":"https:\/\/www.fuldaernachrichten.de\/index.php?rest_route=\/wp\/v2\/users\/1"}],"replies":[{"embeddable":true,"href":"https:\/\/www.fuldaernachrichten.de\/index.php?rest_route=%2Fwp%2Fv2%2Fcomments&post=138445"}],"version-history":[{"count":1,"href":"https:\/\/www.fuldaernachrichten.de\/index.php?rest_route=\/wp\/v2\/posts\/138445\/revisions"}],"predecessor-version":[{"id":138452,"href":"https:\/\/www.fuldaernachrichten.de\/index.php?rest_route=\/wp\/v2\/posts\/138445\/revisions\/138452"}],"wp:featuredmedia":[{"embeddable":true,"href":"https:\/\/www.fuldaernachrichten.de\/index.php?rest_route=\/wp\/v2\/media\/138451"}],"wp:attachment":[{"href":"https:\/\/www.fuldaernachrichten.de\/index.php?rest_route=%2Fwp%2Fv2%2Fmedia&parent=138445"}],"wp:term":[{"taxonomy":"category","embeddable":true,"href":"https:\/\/www.fuldaernachrichten.de\/index.php?rest_route=%2Fwp%2Fv2%2Fcategories&post=138445"},{"taxonomy":"post_tag","embeddable":true,"href":"https:\/\/www.fuldaernachrichten.de\/index.php?rest_route=%2Fwp%2Fv2%2Ftags&post=138445"}],"curies":[{"name":"wp","href":"https:\/\/api.w.org\/{rel}","templated":true}]}}