{"id":138441,"date":"2015-05-11T12:41:18","date_gmt":"2015-05-11T10:41:18","guid":{"rendered":"http:\/\/www.fuldaer-nachrichten.de\/?p=138441"},"modified":"2015-05-11T12:41:18","modified_gmt":"2015-05-11T10:41:18","slug":"weckfresserfest-ein-tag-fuer-die-ganze-familie-in-eichenzell","status":"publish","type":"post","link":"https:\/\/www.fuldaernachrichten.de\/?p=138441","title":{"rendered":"Weckfresserfest &#8211; Ein Tag f\u00fcr die ganze Familie in Eichenzell"},"content":{"rendered":"<p>In Eichenzell l\u00e4sst es sich gut feiern. Zum Beispiel vor der sch\u00f6nen Kulisse des Eichenzeller Schl\u00f6sschens. Das Weckfresserfest, das j\u00e4hrlich in der besonderen Atmosph\u00e4re des Eichenzeller Schlossgartens stattfindet, ist Anziehungspunkt f\u00fcr viele Familien aus Eichenzell und der Region. Denn die Gemeinde bietet am Sonntag, 17. Mai ab 11.00 Uhr gemeinsam mit den \u00f6rtlichen Vereinen wieder ein familienfreundliches Programm mit vielen kostenfreien Kinderattraktionen.<\/p>\n<p>Zur guten Tradition des Tages geh\u00f6rt abwechslungsreiche Live-Musik auf der B\u00fchne im Schlossgarten. In diesem Jahr \u00fcbernehmen zwei Kapellen aus der Gro\u00dfgemeinde die musikalische Unterhaltung. Den Anfang macht ab 11.00 Uhr der Musikverein Kerzell. Ein musikalisches Heimspiel hat ab 15.00 Uhr der Musikverein Eichenzell.<\/p>\n<p>Gegen den gro\u00dfen und kleinen Hunger halten die \u00f6rtlichen Vereine ab 12.00 Uhr Leckeres vom Grill, Pizza, Zwiebelsploatz sowie k\u00fchle Getr\u00e4nke bereit. Hausgemachter Kuchen und frischer Kaffee sind ab 14.00 Uhr im Kultursaal des Eichenzeller Schl\u00f6sschens erh\u00e4ltlich.<\/p>\n<p>Den ganzen Tag \u00fcber ist f\u00fcr abwechslungsreiche Unterhaltung gesorgt. Ab 14.00 Uhr geh\u00f6rt die Showb\u00fchne im Schlossgarten den Kindertagesst\u00e4tten Eichenzell, die in diesem Jahr etwas ganz Besonderes vorbereitet haben. Die Kinder der Tagesst\u00e4tte Riedrainm\u00e4use werden gemeinsam mit Bewohnern des Mehrgenerationenhauses der AWO Eichenzell auf der B\u00fchne stehen \u2013 ein sch\u00f6nes Beispiel f\u00fcr die generations\u00fcbergreifende Arbeit der beiden Einrichtungen. Anschlie\u00dfend sorgt die Showtanzgruppe Dancing Diamonds des TLV Eichenzell f\u00fcr Stimmung auf der B\u00fchne. Das Team des Jugend-DRK bietet ab 14.30 Uhr ein vielseitiges Spiel-, Mal- und Bastelprogramm an. \u00dcber den gesamten Nachmittag steht das Spielmobil der Sparkasse zum Austoben bereit.<\/p>\n<p>Besonders beliebt bei Kindern und Eltern sind die Auff\u00fchrungen des Spielraum-Theaters aus\u00c2\u00a0 Kassel. Gleich drei Mal zeigt Jutta Damaschke das M\u00e4rchen \u201eFrau Holle\u201c f\u00fcr Kinder ab 3 Jahre. Die Vorf\u00fchrungen sind um 15.00 Uhr, 16.00 Uhr und 17.00 Uhr im Husarenkeller des\u00c2\u00a0 Schl\u00f6sschens. Der Eintritt hierzu ist frei!<\/p>\n<p>Nur ein paar Schritte vom Schl\u00f6sschen entfernt bietet sich ein Bummel \u00fcber den Kinderflohmarkt auf dem Kirchplatz an, bei dem ab 15.00 Uhr Artikel rund um das Kind angeboten werden. Anmeldungen f\u00fcr einen kostenfreien Standplatz nimmt die Gemeinde Eichenzell, Tel. 06659\/ 9 79 43 entgegen. Auch der Besuch des Altb\u00fccherbasars im Pfarrheim lohnt sich. Von 11.00 Uhr bis 17.00 Uhr verkauft der MHD Kerzell dort gebrauchte Romane, Reisef\u00fchrer, Kinder-und Sachb\u00fccher zu Gunsten der Rum\u00e4nienhilfe.<\/p>\n<p>Im Rahmen des Internationalen Museumstages \u00f6ffnet das Heimatmuseum Eichenzell von 11.00 bis 17.00 Uhr seine T\u00fcren und zeigt erstmalig die Sonderausstellung \u201eVergangenheit bewahren, Gegenwart erfassen, Zukunft gestalten\u201c.<\/p>\n<p>Besonderer Beliebtheit erfreuen sich die Showtanzvorf\u00fchrungen zum Ende des Programms. Den Abschluss machen in diesem Jahr gegen 18.30 Uhr die Funky Fr\u00e4uleins des TLV und die Eichenzeller Schreckschruwe auf der B\u00fchne im Schlossgarten.<\/p>\n<p><a href=\"http:\/\/www.fuldaer-nachrichten.de\/wp-content\/uploads\/2015\/05\/Bildschirmfoto-2015-05-11-um-12.40.47.png\"><img fetchpriority=\"high\" decoding=\"async\" class=\"alignnone size-medium wp-image-138443\" src=\"http:\/\/www.fuldaer-nachrichten.de\/wp-content\/uploads\/2015\/05\/Bildschirmfoto-2015-05-11-um-12.40.47-265x216.png\" alt=\"Bildschirmfoto 2015-05-11 um 12.40.47\" width=\"265\" height=\"216\" srcset=\"https:\/\/www.fuldaernachrichten.de\/wp-content\/uploads\/2015\/05\/Bildschirmfoto-2015-05-11-um-12.40.47-265x216.png 265w, https:\/\/www.fuldaernachrichten.de\/wp-content\/uploads\/2015\/05\/Bildschirmfoto-2015-05-11-um-12.40.47-600x489.png 600w, https:\/\/www.fuldaernachrichten.de\/wp-content\/uploads\/2015\/05\/Bildschirmfoto-2015-05-11-um-12.40.47.png 900w\" sizes=\"(max-width: 265px) 100vw, 265px\" \/><\/a><\/p>\n","protected":false},"excerpt":{"rendered":"<div class=\"tmnf_excerpt\"><p>In Eichenzell l\u00e4sst es sich gut feiern. Zum Beispiel vor der sch\u00f6nen Kulisse des Eichenzeller Schl\u00f6sschens. Das Weckfresserfest, das j\u00e4hrlich in der besonderen Atmosph\u00e4re des Eichenzeller Schlossgartens stattfindet, ist Anziehungspunkt f\u00fcr viele Familien aus Eichenzell und der Region. Denn die Gemeinde bietet am Sonntag, 17. Mai ab 11.00 Uhr gemeinsam mit den \u00f6rtlichen Vereinen wieder &hellip;<\/p>\n<\/div>","protected":false},"author":1,"featured_media":138442,"comment_status":"closed","ping_status":"closed","sticky":false,"template":"","format":"standard","meta":{"footnotes":""},"categories":[1],"tags":[],"class_list":["post-138441","post","type-post","status-publish","format-standard","has-post-thumbnail","hentry","category-startseite"],"_links":{"self":[{"href":"https:\/\/www.fuldaernachrichten.de\/index.php?rest_route=\/wp\/v2\/posts\/138441","targetHints":{"allow":["GET"]}}],"collection":[{"href":"https:\/\/www.fuldaernachrichten.de\/index.php?rest_route=\/wp\/v2\/posts"}],"about":[{"href":"https:\/\/www.fuldaernachrichten.de\/index.php?rest_route=\/wp\/v2\/types\/post"}],"author":[{"embeddable":true,"href":"https:\/\/www.fuldaernachrichten.de\/index.php?rest_route=\/wp\/v2\/users\/1"}],"replies":[{"embeddable":true,"href":"https:\/\/www.fuldaernachrichten.de\/index.php?rest_route=%2Fwp%2Fv2%2Fcomments&post=138441"}],"version-history":[{"count":1,"href":"https:\/\/www.fuldaernachrichten.de\/index.php?rest_route=\/wp\/v2\/posts\/138441\/revisions"}],"predecessor-version":[{"id":138444,"href":"https:\/\/www.fuldaernachrichten.de\/index.php?rest_route=\/wp\/v2\/posts\/138441\/revisions\/138444"}],"wp:featuredmedia":[{"embeddable":true,"href":"https:\/\/www.fuldaernachrichten.de\/index.php?rest_route=\/wp\/v2\/media\/138442"}],"wp:attachment":[{"href":"https:\/\/www.fuldaernachrichten.de\/index.php?rest_route=%2Fwp%2Fv2%2Fmedia&parent=138441"}],"wp:term":[{"taxonomy":"category","embeddable":true,"href":"https:\/\/www.fuldaernachrichten.de\/index.php?rest_route=%2Fwp%2Fv2%2Fcategories&post=138441"},{"taxonomy":"post_tag","embeddable":true,"href":"https:\/\/www.fuldaernachrichten.de\/index.php?rest_route=%2Fwp%2Fv2%2Ftags&post=138441"}],"curies":[{"name":"wp","href":"https:\/\/api.w.org\/{rel}","templated":true}]}}