{"id":138424,"date":"2015-05-11T08:25:46","date_gmt":"2015-05-11T06:25:46","guid":{"rendered":"http:\/\/www.fuldaer-nachrichten.de\/?p=138424"},"modified":"2015-05-11T08:25:46","modified_gmt":"2015-05-11T06:25:46","slug":"jung-und-alt-sammelten-fuer-die-traditionelle-altkleidersammlung-aktion-brasilien","status":"publish","type":"post","link":"https:\/\/www.fuldaernachrichten.de\/?p=138424","title":{"rendered":"Jung und Alt sammelten f\u00fcr die traditionelle Altkleidersammlung \u201eAktion Brasilien\u201c"},"content":{"rendered":"<p><a href=\"http:\/\/www.fuldaer-nachrichten.de\/wp-content\/uploads\/2015\/05\/Danke-Aktion-Brasilien.jpg\"><img decoding=\"async\" class=\"alignleft size-medium wp-image-138426\" src=\"http:\/\/www.fuldaer-nachrichten.de\/wp-content\/uploads\/2015\/05\/Danke-Aktion-Brasilien-265x176.jpg\" alt=\"Danke Aktion-Brasilien\" width=\"265\" height=\"176\" srcset=\"https:\/\/www.fuldaernachrichten.de\/wp-content\/uploads\/2015\/05\/Danke-Aktion-Brasilien-265x176.jpg 265w, https:\/\/www.fuldaernachrichten.de\/wp-content\/uploads\/2015\/05\/Danke-Aktion-Brasilien-600x399.jpg 600w, https:\/\/www.fuldaernachrichten.de\/wp-content\/uploads\/2015\/05\/Danke-Aktion-Brasilien.jpg 709w\" sizes=\"(max-width: 265px) 100vw, 265px\" \/><\/a>Seit 1973 sammeln in einer gro\u00dfen Gemeinschaftsaktion unter der Federf\u00fchrung des Kolpingwerkes Fulda viele Pfarrgemeinden, Katholische Verb\u00e4nde wie KAB und Kolping und Jugendverb\u00e4nde des BDKJ die Altkleider. Das Sammelgebiet erstreckt sich von Nordhessen \u00fcber Fulda bis zum Main-Kinzig-Kreis. \u201eInsgesamt wurden bistumsweit rund 250 Tonnen Altkleider gesammelt\u201c, erkl\u00e4rt Bezirksvorsitzender Werner Reck, vom Bezirksverband Neuhof des Kolpingwerkes der vor Ort mit unterwegs war. \u201eEin herzliches Dankesch\u00f6n an alle ehrenamtlichen Helfer sowie an jeden einzelnen Spender, durch deren Mithilfe und Spendenbereitschaft diese Aktion auch weiterhin ein Erfolg sein wird.\u201c \u201eWir hatten in diesem Jahr das Doppelte an Kleidert\u00fcten einzusammeln. Vielleicht liegt es daran, dass der Fr\u00fchling bereits da ist und die Leute sich daher eher von Winterware trennen\u201c stellte Werner Reck fest.<\/p>\n<p>Dabei lief die Sammlung in den einzelnen Gemeinden ganz unterschiedlich ab. In den meisten Gemeinden im Raum Neuhof, Kalbach und Flieden finden noch die klassischen Stra\u00dfensammlungen statt, bei der alle Stra\u00dfen abgefahren werden. In andern Ortsteilen einiger Gemeinden und Pfarreien waren zentrale Sammelpunkte eingerichtet worden.<br \/>\nAn verschiedenen Helfertreffs an den zentralen Sammelpunkten bzw. Verladestationen in Neuhof und Flieden bot sich ein buntes Bild. Vom zweij\u00e4hrigen Kleinkind bis zum r\u00fcstigen Senior sind alle Altersgruppen vertreten und lie\u00dfen sich nach dem Verladen der Sammelt\u00fcten an den Verladestationen zur leiblichen St\u00e4rkung bei Br\u00f6tchen oder W\u00fcrstchen schmecken. In geselliger Atmosph\u00e4re fand der Einsatz f\u00fcr die gute Sache seinen Abschluss.<\/p>\n<p>Mit dem Gelderl\u00f6s der Sammlung \u2013 der noch nicht feststeht &#8211; werden wieder soziale Projekte gef\u00f6rdert. So konnten im vergangenen Jahr verschiedene Projekte unterst\u00fctzt werden, z.B. Berufsvorbereitungs- und Sprachkurse in Brasilien, ein Wassertankprojekt in Uganda und ein Bus f\u00fcr die Bildungsarbeit in Burundi. Bei der Auswahl der Projekte wird ein besonderes Augenmerk auf die Nachhaltigkeit der Projekte gelegt.<\/p>\n<p>Wer in der Region Neuhof \/ Kalbach \/ Flieden keine Kleiderspenden f\u00fcr die \u201eAktion Brasilien\u201c bereitstellen konnte, f\u00fcr den besteht die M\u00f6glichkeit, diese noch in den n\u00e4chsten Tagen direkt beim Kolpingwerk in den orangefarbenen Kleidercontainern des Kolpingwerkes oder bei den bekannten Kolping-Sammelstellen in Niederkalbach, Giesel oder beim Kolpingwerk Fulda, Christian-Wirth-Stra\u00dfe 16\u00c2\u00a0 abzugeben.<\/p>\n","protected":false},"excerpt":{"rendered":"<div class=\"tmnf_excerpt\"><p>Seit 1973 sammeln in einer gro\u00dfen Gemeinschaftsaktion unter der Federf\u00fchrung des Kolpingwerkes Fulda viele Pfarrgemeinden, Katholische Verb\u00e4nde wie KAB und Kolping und Jugendverb\u00e4nde des BDKJ die Altkleider. Das Sammelgebiet erstreckt sich von Nordhessen \u00fcber Fulda bis zum Main-Kinzig-Kreis. \u201eInsgesamt wurden bistumsweit rund 250 Tonnen Altkleider gesammelt\u201c, erkl\u00e4rt Bezirksvorsitzender Werner Reck, vom Bezirksverband Neuhof des Kolpingwerkes &hellip;<\/p>\n<\/div>","protected":false},"author":1,"featured_media":138425,"comment_status":"closed","ping_status":"closed","sticky":false,"template":"","format":"standard","meta":{"footnotes":""},"categories":[1,50],"tags":[],"class_list":["post-138424","post","type-post","status-publish","format-standard","has-post-thumbnail","hentry","category-startseite","category-kirche"],"_links":{"self":[{"href":"https:\/\/www.fuldaernachrichten.de\/index.php?rest_route=\/wp\/v2\/posts\/138424","targetHints":{"allow":["GET"]}}],"collection":[{"href":"https:\/\/www.fuldaernachrichten.de\/index.php?rest_route=\/wp\/v2\/posts"}],"about":[{"href":"https:\/\/www.fuldaernachrichten.de\/index.php?rest_route=\/wp\/v2\/types\/post"}],"author":[{"embeddable":true,"href":"https:\/\/www.fuldaernachrichten.de\/index.php?rest_route=\/wp\/v2\/users\/1"}],"replies":[{"embeddable":true,"href":"https:\/\/www.fuldaernachrichten.de\/index.php?rest_route=%2Fwp%2Fv2%2Fcomments&post=138424"}],"version-history":[{"count":1,"href":"https:\/\/www.fuldaernachrichten.de\/index.php?rest_route=\/wp\/v2\/posts\/138424\/revisions"}],"predecessor-version":[{"id":138427,"href":"https:\/\/www.fuldaernachrichten.de\/index.php?rest_route=\/wp\/v2\/posts\/138424\/revisions\/138427"}],"wp:featuredmedia":[{"embeddable":true,"href":"https:\/\/www.fuldaernachrichten.de\/index.php?rest_route=\/wp\/v2\/media\/138425"}],"wp:attachment":[{"href":"https:\/\/www.fuldaernachrichten.de\/index.php?rest_route=%2Fwp%2Fv2%2Fmedia&parent=138424"}],"wp:term":[{"taxonomy":"category","embeddable":true,"href":"https:\/\/www.fuldaernachrichten.de\/index.php?rest_route=%2Fwp%2Fv2%2Fcategories&post=138424"},{"taxonomy":"post_tag","embeddable":true,"href":"https:\/\/www.fuldaernachrichten.de\/index.php?rest_route=%2Fwp%2Fv2%2Ftags&post=138424"}],"curies":[{"name":"wp","href":"https:\/\/api.w.org\/{rel}","templated":true}]}}