{"id":138421,"date":"2015-05-11T08:24:47","date_gmt":"2015-05-11T06:24:47","guid":{"rendered":"http:\/\/www.fuldaer-nachrichten.de\/?p=138421"},"modified":"2015-05-11T08:24:47","modified_gmt":"2015-05-11T06:24:47","slug":"buergerinitiativen-gegen-suedlink-mit-erweitertem-bundesvorstand","status":"publish","type":"post","link":"https:\/\/www.fuldaernachrichten.de\/?p=138421","title":{"rendered":"B\u00fcrgerinitiativen gegen SuedLink mit erweitertem Bundesvorstand"},"content":{"rendered":"<p>Der Bundesverband und der Landesverband Hessen der B\u00fcrgerinitiativen gegen SuedLink trafen sich am vergangenen Samstag (9.Mai) zu einer gemeinsamen Sitzung in Fritzlar. Zufrieden blickten die BI-Vertreter auf die Entwicklungen in den vergangenen zw\u00f6lf Monate zur\u00fcck, man habe im politischen Bereich zum Nach- und Umdenken angesto\u00dfen, die energiepolitischen Vorhaben und Gesetze bef\u00e4nden sich in der \u00dcberpr\u00fcfung. \u201eEs liegt aber noch ein langer Weg vor uns.\u201c betonte der best\u00e4tigte Bundesvorsitzende Guntram Ziepel aus Fulda-K\u00e4mmerzell. Ihm wurde in der Versammlung per einstimmigem Beschluss ein gesch\u00e4ftsf\u00fchrender Vorstand zur Seite gestellt, dem Maria Quanz aus Burghaun, Erika Carstensen-Bretth\u00e4user aus Felsberg, Veronika Papenhagen-Stannick aus Emstal und Willi Wieland aus Schauenburg angeh\u00f6ren.<\/p>\n<p>Aufruf der B\u00fcrger zum Widerspruch gegen den Netzentwicklungsplan 2014 mit dem Zieljahr 2024<\/p>\n<p>N\u00e4chste Etappe auf dem Weg der B\u00fcrgerinitiativen ist der aktualisierte Netzentwicklungsplan, gegen den jeder einzelne B\u00fcrger Widerspruch einlegen kann und nach Vorstellung der BI\u00c2\u00b4s einlegen sollte. Die Frist hierzu l\u00e4uft bereits in dieser Woche am Freitag, 15. Mai, ab. Die Stellungnahmen aus der Bev\u00f6lkerung\u00c2\u00a0 k\u00f6nnen den Widerstand gegen die SuedLink-Trasse sichtbar machen und ein deutliches Zeichen gegen den \u00fcberdimensionierten Netzausbau setzen. Aus den Reihen der BI`s wurde dazu ein Informationsschreiben mit einem Muster-Widerspruchsschreiben verfasst, welches auf der Homepage der BIFuldatal ver\u00f6ffentlicht ist und heruntergeladen werden kann. www.bifuldatal.de .<\/p>\n","protected":false},"excerpt":{"rendered":"<div class=\"tmnf_excerpt\"><p>Der Bundesverband und der Landesverband Hessen der B\u00fcrgerinitiativen gegen SuedLink trafen sich am vergangenen Samstag (9.Mai) zu einer gemeinsamen Sitzung in Fritzlar. Zufrieden blickten die BI-Vertreter auf die Entwicklungen in den vergangenen zw\u00f6lf Monate zur\u00fcck, man habe im politischen Bereich zum Nach- und Umdenken angesto\u00dfen, die energiepolitischen Vorhaben und Gesetze bef\u00e4nden sich in der \u00dcberpr\u00fcfung. &hellip;<\/p>\n<\/div>","protected":false},"author":1,"featured_media":138422,"comment_status":"closed","ping_status":"closed","sticky":false,"template":"","format":"standard","meta":{"footnotes":""},"categories":[1,29,52],"tags":[],"class_list":["post-138421","post","type-post","status-publish","format-standard","has-post-thumbnail","hentry","category-startseite","category-politik","category-umwelt"],"_links":{"self":[{"href":"https:\/\/www.fuldaernachrichten.de\/index.php?rest_route=\/wp\/v2\/posts\/138421","targetHints":{"allow":["GET"]}}],"collection":[{"href":"https:\/\/www.fuldaernachrichten.de\/index.php?rest_route=\/wp\/v2\/posts"}],"about":[{"href":"https:\/\/www.fuldaernachrichten.de\/index.php?rest_route=\/wp\/v2\/types\/post"}],"author":[{"embeddable":true,"href":"https:\/\/www.fuldaernachrichten.de\/index.php?rest_route=\/wp\/v2\/users\/1"}],"replies":[{"embeddable":true,"href":"https:\/\/www.fuldaernachrichten.de\/index.php?rest_route=%2Fwp%2Fv2%2Fcomments&post=138421"}],"version-history":[{"count":1,"href":"https:\/\/www.fuldaernachrichten.de\/index.php?rest_route=\/wp\/v2\/posts\/138421\/revisions"}],"predecessor-version":[{"id":138423,"href":"https:\/\/www.fuldaernachrichten.de\/index.php?rest_route=\/wp\/v2\/posts\/138421\/revisions\/138423"}],"wp:featuredmedia":[{"embeddable":true,"href":"https:\/\/www.fuldaernachrichten.de\/index.php?rest_route=\/wp\/v2\/media\/138422"}],"wp:attachment":[{"href":"https:\/\/www.fuldaernachrichten.de\/index.php?rest_route=%2Fwp%2Fv2%2Fmedia&parent=138421"}],"wp:term":[{"taxonomy":"category","embeddable":true,"href":"https:\/\/www.fuldaernachrichten.de\/index.php?rest_route=%2Fwp%2Fv2%2Fcategories&post=138421"},{"taxonomy":"post_tag","embeddable":true,"href":"https:\/\/www.fuldaernachrichten.de\/index.php?rest_route=%2Fwp%2Fv2%2Ftags&post=138421"}],"curies":[{"name":"wp","href":"https:\/\/api.w.org\/{rel}","templated":true}]}}